{"id":1030,"date":"2019-11-29T14:47:28","date_gmt":"2019-11-29T14:47:28","guid":{"rendered":"http:\/\/www.arniches.com\/?p=1030"},"modified":"2019-11-29T16:11:50","modified_gmt":"2019-11-29T16:11:50","slug":"el-madrid-de-arniches-i","status":"publish","type":"post","link":"http:\/\/www.arniches.com\/index.php\/2019\/11\/29\/el-madrid-de-arniches-i\/","title":{"rendered":"El Madrid de Arniches (I)"},"content":{"rendered":"<p>Hoy empezamos una serie de v\u00eddeos a trav\u00e9s del Madrid que Arniches reflej\u00f3 en sus obras: El Madrid Cero de Arniches.<\/p>\n<p>En este primer v\u00eddeo viajamos desde el Antiguo Caf\u00e9 de Levante, en la Puerta del Sol n\u00famero 5, que ya no existe, hasta el Caf\u00e9 Suizo, hoy un Starbucks. Vamos de caf\u00e9 a caf\u00e9. En medio, visitamos la Estaci\u00f3n de las Delicias, la plaza de los Mostenses, la calle del sombrerete, el convento de Santa Clara, la Glorieta de Bilbao&#8230; Hay mucha historia, muchas an\u00e9cdotas y or\u00edgenes curiosos de los nombres de las calles que espero que os gusten.<\/p>\n<p>Carlos Arniches vivi\u00f3 y pase\u00f3 por todas estas calles en sus primeras 35 obras. Hoy, nosotros le seguimos admirados de su enorme sabidur\u00eda y amor por esta ciudad y sus gentes.<\/p>\n<p>No quiero olvidar que este v\u00eddeo es posible a dos mujeres que siempre me ayudan: Isabel Irigoyen y Nerea Barron Irigoyen. \u00a1Eskerrik asko!<\/p>\n<p><iframe loading=\"lazy\" title=\"EL MADRID CERO DE ARNICHES\" width=\"680\" height=\"383\" src=\"https:\/\/www.youtube.com\/embed\/iBU1umWGhgo?feature=oembed\" frameborder=\"0\" allow=\"accelerometer; autoplay; encrypted-media; gyroscope; picture-in-picture\" allowfullscreen><\/iframe><\/p>\n","protected":false},"excerpt":{"rendered":"<p>Hoy empezamos una serie de v\u00eddeos a trav\u00e9s del Madrid que Arniches reflej\u00f3 en sus obras: El Madrid Cero de Arniches. En este primer v\u00eddeo viajamos desde el Antiguo Caf\u00e9 de Levante, en la Puerta del Sol n\u00famero 5, que ya no existe, hasta el Caf\u00e9 Suizo, hoy un Starbucks. Vamos de caf\u00e9 a caf\u00e9&#8230;. <\/p>\n<div class=\"read-more navbutton\"><a href=\"http:\/\/www.arniches.com\/index.php\/2019\/11\/29\/el-madrid-de-arniches-i\/\">Leer m\u00e1s<i class=\"fa fa-angle-double-right\"><\/i><\/a><\/div>\n","protected":false},"author":1,"featured_media":0,"comment_status":"open","ping_status":"closed","sticky":false,"template":"","format":"standard","meta":{"footnotes":""},"categories":[166],"tags":[167,23],"class_list":["post-1030","post","type-post","status-publish","format-standard","hentry","category-el-madrid-cero-de-arniches-video","tag-el-madrid-cero-de-arniches","tag-video"],"_links":{"self":[{"href":"http:\/\/www.arniches.com\/index.php\/wp-json\/wp\/v2\/posts\/1030","targetHints":{"allow":["GET"]}}],"collection":[{"href":"http:\/\/www.arniches.com\/index.php\/wp-json\/wp\/v2\/posts"}],"about":[{"href":"http:\/\/www.arniches.com\/index.php\/wp-json\/wp\/v2\/types\/post"}],"author":[{"embeddable":true,"href":"http:\/\/www.arniches.com\/index.php\/wp-json\/wp\/v2\/users\/1"}],"replies":[{"embeddable":true,"href":"http:\/\/www.arniches.com\/index.php\/wp-json\/wp\/v2\/comments?post=1030"}],"version-history":[{"count":4,"href":"http:\/\/www.arniches.com\/index.php\/wp-json\/wp\/v2\/posts\/1030\/revisions"}],"predecessor-version":[{"id":1034,"href":"http:\/\/www.arniches.com\/index.php\/wp-json\/wp\/v2\/posts\/1030\/revisions\/1034"}],"wp:attachment":[{"href":"http:\/\/www.arniches.com\/index.php\/wp-json\/wp\/v2\/media?parent=1030"}],"wp:term":[{"taxonomy":"category","embeddable":true,"href":"http:\/\/www.arniches.com\/index.php\/wp-json\/wp\/v2\/categories?post=1030"},{"taxonomy":"post_tag","embeddable":true,"href":"http:\/\/www.arniches.com\/index.php\/wp-json\/wp\/v2\/tags?post=1030"}],"curies":[{"name":"wp","href":"https:\/\/api.w.org\/{rel}","templated":true}]}}