{"id":224,"date":"2019-02-12T15:00:07","date_gmt":"2019-02-12T15:00:07","guid":{"rendered":"http:\/\/www.arniches.com\/?p=224"},"modified":"2019-04-18T03:30:57","modified_gmt":"2019-04-18T03:30:57","slug":"la-ninez-de-carlos-arniches-1","status":"publish","type":"post","link":"http:\/\/www.arniches.com\/index.php\/2019\/02\/12\/la-ninez-de-carlos-arniches-1\/","title":{"rendered":"La ni\u00f1ez de Carlos Arniches (1)"},"content":{"rendered":"\r\n<div class=\"wp-block-image\" style=\"text-align: center;\">\r\n<figure class=\"aligncenter is-resized\"><img loading=\"lazy\" decoding=\"async\" class=\"wp-image-225 aligncenter\" src=\"http:\/\/www.arniches.com\/wp-content\/uploads\/2019\/01\/doc-n\u00ba-4.jpg\" alt=\"\" width=\"377\" height=\"525\" srcset=\"http:\/\/www.arniches.com\/wp-content\/uploads\/2019\/01\/doc-n\u00ba-4.jpg 502w, http:\/\/www.arniches.com\/wp-content\/uploads\/2019\/01\/doc-n\u00ba-4-215x300.jpg 215w\" sizes=\"auto, (max-width: 377px) 100vw, 377px\" \/>\r\n<figcaption>Carlos Arniches Barrera.<\/figcaption>\r\n<\/figure>\r\n<\/div>\r\n\r\n\r\n\r\n<p>Es muy emocionante sumergirte en los primeros a\u00f1os de vida de tu bisabuelo. Conocer tantos detalles de su vida no deja de resultar un tanto extra\u00f1o, pero al mismo tiempo te da una idea de la dimensi\u00f3n de su vida, esa vida que \u00e9l contaba en alguno de sus discursos, o que sus bi\u00f3grafos han buscado hasta dar con las an\u00e9cdotas m\u00e1s sorprendentes.<\/p>\r\n\r\n\r\n\r\n<p>Podemos remontarnos en su familia hasta 1780, en el que el primer Carlos Arniches del que tenemos noticia, se casa con Juana Baus. Ellos son sus abuelos paternos; \u00e9l de Cartagena y ella de Valencia. De esta uni\u00f3n nacer\u00e1 su padre en 1820: Carlos Arniches Baus.<\/p>\r\n\r\n\r\n\r\n<p>Por la parte de la madre sabemos que su abuelo Jorge Barrera se casa con Mar\u00e1 Antonia Mingot, de cuya relaci\u00f3n nacen su madre, Mar\u00eda Antonia Barrera y su t\u00edo Jorge Barrera, que jugar\u00e1 un papel muy importante en su porvenir.<\/p>\r\n\r\n\r\n\r\n<p>Carlos Arniches Baus y Mar\u00eda Antonia Barrera Mingot se casan y tendr\u00e1n 6 hijas (Juana, Rafaela, Mar\u00eda, Natividad, Mercedes y Dolores) y un hijo: Carlos.<\/p>\r\n\r\n\r\n\r\n<p>Su nacimiento se da en la casa de la Calle Golf\u00edn N\u00ba 1 de la bella ciudad de Alicante, y le ponen por nombre CARLOS JORGE GERM\u00c1N ARNICHES BARRERA. Ah\u00ed queda eso.<\/p>\r\n\r\n\r\n\r\n<p>Pasa su infancia en Alicante, acudiendo a la escuela y sacando muy buenas notas, era un buen estudiante. Le gustaba escribir. Es curioso, pero tal vez en estos primeros a\u00f1os adquiri\u00f3 un h\u00e1bito que le acompa\u00f1\u00f3 hasta el \u00faltimo d\u00eda de su vida: escribir. Le gustaba mucho escribir. Buscaba su rinc\u00f3n secreto para quedarse con sus libros, para componer: el caragolet (caracolito). As\u00ed llamaba a su desv\u00e1n, a su lugar de recogimiento&#8230;<\/p>\r\n\r\n\r\n\r\n<p>Es posible que estando en el caragolet, compusiera su primer poema: CARTA DE DESAF\u00cdO. Este poema es la primera expresi\u00f3n de su pluma que guardamos. Lo tenemos pasado a m\u00e1quina, probablemente por su mujer, Pilar Molt\u00f3, que fue la encargada de transcribir todas sus obras y escritos (300 seg\u00fan \u00e9l mismo contabiliz\u00f3).<\/p>\r\n\r\n\r\n\r\n<p>Cuando tienes el papel escrito a m\u00e1quina, igual en 1900, cuando llevaban seis a\u00f1os de casados, no puedes dejar de imaginar la escena. Carlos y Pilar se casan en 1894, llevan todas sus pertenencias a su primera casa en com\u00fan en la calle G\u00e9nova 27, y empiezan a ordenar toda la documentaci\u00f3n libros que estaban en cajas. Esta es la sexta casa de Carlos. Ahora poneros a pensar en el viaje de toda la documentaci\u00f3n de casa en casa, los viajes, las cajas, ordenarlos, sacarlos para volverlos a meter&#8230; Yo me pregunto: \u00bfc\u00f3mo han llegado hasta nosotros? Me parece inveros\u00edmil. Por eso, digo, que la escena se pudo dar cuando ya hab\u00edan pasado unos a\u00f1os de casados, con Pilar sin viajar a Granada, y atendiendo a la transcripci\u00f3n de las obras del maestro.<\/p>\r\n\r\n\r\n\r\n<p>A lo que vamos, la escena. A\u00f1o 1900, llevan 6 a\u00f1os de casados, solo falta Rosario por nacer, est\u00e1n desempolvando las \u00faltimas cajas y z\u00e1s, aparece el poema que Carlos escribe con catorce a\u00f1os. La Carta de Desaf\u00edo no es otra cosa sino la expresi\u00f3n de un amor imposible: el de Carmeleta. Y dice as\u00ed: <em>\u00a0<\/em><\/p>\r\n\r\n\r\n\r\n<p style=\"text-align: center;\"><em>Carmeleta, Carmeleta<br \/>la del cabello rizado<br \/>que vives en San Ant\u00f3n<br \/>y eres lo mejor del barrio,<br \/>que tienes los labios rojos<br \/>como la flor del granado<br \/>y tienes el pelo negro,<br \/>y tienes el cutis blanco.<br \/>Solo te pido que tengas <br \/>conmigo mucho cuidado <br \/>porque de m\u00ed no os re\u00eds<br \/>ni t\u00fa, ni tu primo Paco.<br \/>Que si es verdad que por \u00e9l,<br \/>altiva me has despreciado,<br \/>no quiero que me tir\u00e9is<br \/>cuando al Instituto paso,<br \/>ni chufas, ni cacahuets,<br \/>ni lirones ni garbanzos.<br \/>Si \u00e9l es valiente y quisiera<br \/>venir a decirme algo, <br \/>di que ma\u00f1ana a las seis,<br \/>en el Postiguet le aguardo<br \/>y nos veremos las caras<br \/>que puede que nos rompamos\u2026<br \/>Y si os quer\u00e9is, \u00a1que os quer\u00e1is!<br \/>\u00a1que no puedo remediarlo!<br \/>Pero de m\u00ed no os re\u00eds <br \/>ni t\u00fa, ni tu primo Paco.<\/em><\/p>\r\n\r\n\r\n\r\n<p>Imaginaros a Pilar cuando se encuentra con esta joyita y le pregunta a Carlos por Carmeleta.<\/p>\r\n\r\n\r\n\r\n<ul class=\"wp-block-list\">\r\n<li>-\u00bfQui\u00e9n es Carmeleta, Carlos?<\/li>\r\n<li>-Nada, nada, puedes tirarlo\u2026<\/li>\r\n<li>-\u00bfC\u00f3mo tirarlo?<\/li>\r\n<li>-Nada, nada, no me acuerdo\u2026<\/li>\r\n<\/ul>\r\n\r\n\r\n\r\n<p>Como dicen sus personajes, \u00a1ja jay! tirarlo. Pilar no tiraba nada. Pilar guard\u00f3 toda su documentaci\u00f3n de estudiante y de profesora en la Escuela de Profesoras, como para tirar algo de su adorado marido.<\/p>\r\n\r\n\r\n\r\n<p>Este poema es una aut\u00e9ntica joya y re\u00fane alguna de las caracter\u00edsticas de su escritura futura as\u00ed como algunas palabras en su idioma natal, el valenciano. El uso de los puntos suspensivos ya est\u00e1 en este poema; los signos de admiraci\u00f3n; las frases cortas separadas por comas; y sobre todo su caballerosidad: comienza el poema alabando a Carmeleta, s\u00ed, le ha dejado, pero sigue siendo <em>lo mejor del barrio.<\/em><\/p>\r\n\r\n\r\n\r\n<p>Pronto seguiremos con otro art\u00edculo sobre su ni\u00f1ez.<\/p>\r\n","protected":false},"excerpt":{"rendered":"<p>Carlos Arniches Barrera. Es muy emocionante sumergirte en los primeros a\u00f1os de vida de tu bisabuelo. Conocer tantos detalles de su vida no deja de resultar un tanto extra\u00f1o, pero al mismo tiempo te da una idea de la dimensi\u00f3n de su vida, esa vida que \u00e9l contaba en alguno de sus discursos, o que&#8230; <\/p>\n<div class=\"read-more navbutton\"><a href=\"http:\/\/www.arniches.com\/index.php\/2019\/02\/12\/la-ninez-de-carlos-arniches-1\/\">Leer m\u00e1s<i class=\"fa fa-angle-double-right\"><\/i><\/a><\/div>\n","protected":false},"author":1,"featured_media":0,"comment_status":"open","ping_status":"closed","sticky":false,"template":"","format":"standard","meta":{"footnotes":""},"categories":[8,4],"tags":[12,36,35,34],"class_list":["post-224","post","type-post","status-publish","format-standard","hentry","category-infancia","category-vida","tag-alicante","tag-caragolet","tag-carmeleta","tag-poesia"],"_links":{"self":[{"href":"http:\/\/www.arniches.com\/index.php\/wp-json\/wp\/v2\/posts\/224","targetHints":{"allow":["GET"]}}],"collection":[{"href":"http:\/\/www.arniches.com\/index.php\/wp-json\/wp\/v2\/posts"}],"about":[{"href":"http:\/\/www.arniches.com\/index.php\/wp-json\/wp\/v2\/types\/post"}],"author":[{"embeddable":true,"href":"http:\/\/www.arniches.com\/index.php\/wp-json\/wp\/v2\/users\/1"}],"replies":[{"embeddable":true,"href":"http:\/\/www.arniches.com\/index.php\/wp-json\/wp\/v2\/comments?post=224"}],"version-history":[{"count":7,"href":"http:\/\/www.arniches.com\/index.php\/wp-json\/wp\/v2\/posts\/224\/revisions"}],"predecessor-version":[{"id":375,"href":"http:\/\/www.arniches.com\/index.php\/wp-json\/wp\/v2\/posts\/224\/revisions\/375"}],"wp:attachment":[{"href":"http:\/\/www.arniches.com\/index.php\/wp-json\/wp\/v2\/media?parent=224"}],"wp:term":[{"taxonomy":"category","embeddable":true,"href":"http:\/\/www.arniches.com\/index.php\/wp-json\/wp\/v2\/categories?post=224"},{"taxonomy":"post_tag","embeddable":true,"href":"http:\/\/www.arniches.com\/index.php\/wp-json\/wp\/v2\/tags?post=224"}],"curies":[{"name":"wp","href":"https:\/\/api.w.org\/{rel}","templated":true}]}}