{"id":302,"date":"2019-02-11T03:48:11","date_gmt":"2019-02-11T03:48:11","guid":{"rendered":"http:\/\/www.arniches.com\/?p=302"},"modified":"2019-10-03T11:01:55","modified_gmt":"2019-10-03T11:01:55","slug":"la-ninez-de-carlos-arniches-y-2","status":"publish","type":"post","link":"http:\/\/www.arniches.com\/index.php\/2019\/02\/11\/la-ninez-de-carlos-arniches-y-2\/","title":{"rendered":"La ni\u00f1ez de Carlos Arniches (y 2)"},"content":{"rendered":"\r\n<p>\u00a0\u00a0\u00a0\u00a0\u00a0\u00a0\u00a0\u00a0\u00a0\u00a0\u00a0\u00a0\u00a0\u00a0\u00a0 Como hemos comentado antes, Carlos era un buen estudiante. Comenz\u00f3 sus estudios en el colegio <em>La Educaci\u00f3n <\/em>y despu\u00e9s pas\u00f3 al <em>Colegio San Jos\u00e9. <\/em><\/p>\r\n\r\n\r\n\r\n<p>\u00a0\u00a0\u00a0\u00a0\u00a0\u00a0\u00a0\u00a0\u00a0\u00a0\u00a0\u00a0\u00a0\u00a0\u00a0 De esta \u00e9poca cuenta \u00e9l mismo una an\u00e9cdota:<\/p>\r\n\r\n\r\n\r\n<p>\u00a0\u00a0\u00a0\u00a0\u00a0\u00a0\u00a0\u00a0\u00a0\u00a0\u00a0\u00a0\u00a0\u00a0\u00a0 \u201cEra un Domingo de Ramos por la ma\u00f1ana; una de esas ma\u00f1anas de primavera levantina, clara y radiante. Iba yo, con mi colegio, camino de la iglesia para asistir a la procesi\u00f3n tradicional. Los colegiales march\u00e1bamos con nuestros uniformes de gala, formados de dos en dos, sosteniendo cada uno, con ostentoso orgullo infantil, su palma enhiesta. La m\u00eda, aqu\u00e9l a\u00f1o, era la mejor, la m\u00e1s esbelta, la m\u00e1s fina, la m\u00e1s amarilla.<\/p>\r\n\r\n\r\n\r\n<p>\u00a0\u00a0\u00a0\u00a0\u00a0\u00a0\u00a0\u00a0\u00a0\u00a0\u00a0\u00a0\u00a0\u00a0\u00a0 Lleg\u00e1bamos por la calle Mayor, perfumada con olor de romero. Los balcones luc\u00edan el vivo color\u00edn de las colgaduras.<\/p>\r\n\r\n\r\n\r\n<p>\u00a0\u00a0\u00a0\u00a0\u00a0\u00a0\u00a0\u00a0\u00a0\u00a0\u00a0\u00a0\u00a0\u00a0\u00a0 March\u00e1bamos en paz, con poco barullo, cosa inaudita porque una de las parejas la compon\u00edan los que luego fueron hombres insignes, Joaqu\u00edn Dicenta y Rafael Altamira , entonces chiquillos traviesos. (A\u00f1adimos un retrato de cada uno de ellos y una semblanza de sus obras. Carlos Arniches vive rodeado de verdaderos fueras de serie durante toda su vida, bien en Alicante, bien en Madrid: un siglo de oro en la literatura)<\/p>\r\n\r\n\r\n\r\n<p><strong>Joaqu\u00edn Dicenta Benedicto<\/strong> (<a href=\"https:\/\/es.wikipedia.org\/wiki\/Calatayud\">Calatayud<\/a>, <a href=\"https:\/\/es.wikipedia.org\/wiki\/Provincia_de_Zaragoza\">Zaragoza<\/a>, <a href=\"https:\/\/es.wikipedia.org\/wiki\/3_de_febrero\">3 de febrero<\/a> de <a href=\"https:\/\/es.wikipedia.org\/wiki\/1862\">1862<\/a> &#8211; <a href=\"https:\/\/es.wikipedia.org\/wiki\/Alicante\">Alicante<\/a>, <a href=\"https:\/\/es.wikipedia.org\/wiki\/21_de_febrero\">21 de febrero<\/a> de <a href=\"https:\/\/es.wikipedia.org\/wiki\/1917\">1917<\/a>), periodista, dramaturgo del <a href=\"https:\/\/es.wikipedia.org\/wiki\/Neorromanticismo_%28literatura%29\">neorromanticismo<\/a>, poeta y narrador <a href=\"https:\/\/es.wikipedia.org\/wiki\/Naturalismo\">naturalista<\/a> espa\u00f1ol, padre del dramaturgo y poeta <a href=\"https:\/\/es.wikipedia.org\/wiki\/Joaqu%C3%ADn_Dicenta_%28hijo%29\">del mismo nombre<\/a> y del actor <a href=\"https:\/\/es.wikipedia.org\/wiki\/Manuel_Dicenta\">Manuel Dicenta<\/a>.<\/p>\r\n\r\n\r\n\r\n<div class=\"wp-block-image\">\r\n<figure class=\"aligncenter\"><img loading=\"lazy\" decoding=\"async\" width=\"149\" height=\"300\" class=\"wp-image-303\" src=\"http:\/\/www.arniches.com\/wp-content\/uploads\/2019\/02\/Joaqu\u00edn_Dicenta_de_Compa\u00f1y-149x300.jpg\" alt=\"\" srcset=\"http:\/\/www.arniches.com\/wp-content\/uploads\/2019\/02\/Joaqu\u00edn_Dicenta_de_Compa\u00f1y-149x300.jpg 149w, http:\/\/www.arniches.com\/wp-content\/uploads\/2019\/02\/Joaqu\u00edn_Dicenta_de_Compa\u00f1y.jpg 265w\" sizes=\"auto, (max-width: 149px) 100vw, 149px\" \/>\r\n<figcaption>Joaqu\u00edn Dicenta en 1909. www.wikipedia.org<\/figcaption>\r\n<\/figure>\r\n<\/div>\r\n\r\n\r\n\r\n<p><strong>Rafael Altamira y Crevea<\/strong> (<a href=\"https:\/\/es.wikipedia.org\/wiki\/Alicante\">Alicante<\/a>, <a href=\"https:\/\/es.wikipedia.org\/wiki\/10_de_febrero\">10 de febrero<\/a> de <a href=\"https:\/\/es.wikipedia.org\/wiki\/1866\">1866<\/a>&#8211;<a href=\"https:\/\/es.wikipedia.org\/wiki\/M%C3%A9xico_DF\">M\u00e9xico DF<\/a>, <a href=\"https:\/\/es.wikipedia.org\/wiki\/1_de_junio\">1 de junio<\/a> de <a href=\"https:\/\/es.wikipedia.org\/wiki\/1951\">1951<\/a>) fue un <a href=\"https:\/\/es.wikipedia.org\/wiki\/Humanismo\">humanista<\/a>, <a href=\"https:\/\/es.wikipedia.org\/wiki\/Historiador\">historiador<\/a> y <a href=\"https:\/\/es.wikipedia.org\/wiki\/Americanista\">americanista<\/a>; <a href=\"https:\/\/es.wikipedia.org\/wiki\/Pedagogo\">pedagogo<\/a>, <a href=\"https:\/\/es.wikipedia.org\/wiki\/Jurista\">jurista<\/a>, cr\u00edtico literario y escritor <a href=\"https:\/\/es.wikipedia.org\/wiki\/Espa%C3%B1a\">espa\u00f1ol<\/a>. Estrechamente vinculado a los proyectos de la <a href=\"https:\/\/es.wikipedia.org\/wiki\/Instituci%C3%B3n_Libre_de_Ense%C3%B1anza\">Instituci\u00f3n Libre de Ense\u00f1anza<\/a>, alumno y amigo de <a href=\"https:\/\/es.wikipedia.org\/wiki\/Francisco_Giner_de_los_R%C3%ADos\">Francisco Giner de los R\u00edos<\/a>, fue secretario del <a href=\"https:\/\/es.wikipedia.org\/wiki\/Museo_Pedag%C3%B3gico_Nacional\">Museo Pedag\u00f3gico Nacional<\/a>. <a href=\"https:\/\/es.wikipedia.org\/wiki\/Doctor_honoris_causa\">Doctor honoris causa<\/a> en ocho universidades de Am\u00e9rica y Europa, y miembro de nueve instituciones acad\u00e9micas, se <a href=\"https:\/\/es.wikipedia.org\/wiki\/Exilio_espa%C3%B1ol_en_M%C3%A9xico\">exili\u00f3 en M\u00e9xico<\/a> en <a href=\"https:\/\/es.wikipedia.org\/wiki\/1944\">1944<\/a>.<\/p>\r\n\r\n\r\n\r\n<div class=\"wp-block-image\">\r\n<figure class=\"aligncenter\"><img loading=\"lazy\" decoding=\"async\" width=\"149\" height=\"199\" class=\"wp-image-304\" src=\"http:\/\/www.arniches.com\/wp-content\/uploads\/2019\/02\/Rafael_Altamira_1900.jpg\" alt=\"\" \/>\r\n<figcaption>Rafael Altamira. www.wikipedia.org<br \/><br \/><\/figcaption>\r\n<\/figure>\r\n<\/div>\r\n\r\n\r\n\r\n\r\n\r\n<p>\u00a0\u00a0\u00a0\u00a0\u00a0\u00a0\u00a0\u00a0\u00a0\u00a0\u00a0\u00a0\u00a0\u00a0\u00a0 De pronto, a la altura de los r\u00f3tulos de las tiendas, apareci\u00f3 colgada una enorme chistera de hojalata, pintada de encarnado, como anuncio de sombrerer\u00eda, sobre cuya puerta se balanceaba orgullosa. Verla y empezar las primeras parejas a sacudirle golpes con las palmas fue todo uno. Los golpes de los que iban delante estimulaban a los de atr\u00e1s, que empezaron a pegar con tanta fuerza, que a consecuencia de un palmazo formidable y certero, la chistera se balance\u00f3 con tanto \u00edmpetu que, al fin, vino a tierra con estr\u00e9pito resonante. O\u00edrlo y salir el sombrerero hecho un energ\u00fameno fue cosa de unos segundos. Se percat\u00f3 inmediatamente de la fechor\u00eda, y queriendo vengarla y sin acertar de qu\u00e9 modo, tom\u00f3 una resoluci\u00f3n arbitraria y brutal y, por consecuencia, injusta. Mir\u00f3 las palmas de los chicos que ven\u00edamos detr\u00e1s, y agarrando la m\u00eda, en una airada y odiosa elecci\u00f3n, me la quebr\u00f3 en tres pedazos.<\/p>\r\n\r\n\r\n\r\n<p>\u00a0\u00a0\u00a0\u00a0\u00a0\u00a0\u00a0\u00a0\u00a0\u00a0\u00a0\u00a0\u00a0\u00a0\u00a0 Yo, entonces, con la palma rota y las l\u00e1grimas en los ojos, segu\u00ed a la iglesia. Nada pod\u00eda consolarme de aquella b\u00e1rbara injusticia\u201d. (Relato en <em>El Correo, <\/em>Alicante, 31 de diciembre de 1931).<\/p>\r\n\r\n\r\n\r\n<p>Su ni\u00f1ez continu\u00f3 en Alicante hasta el a\u00f1o 1880, fecha en la que toda la familia decide trasladarse a Catalu\u00f1a, en busca de una estabilidad laboral, que su padre no ten\u00eda siendo Pagador de la f\u00e1brica de Tabacos.<\/p>\r\n\r\n\r\n\r\n<p>\u00a0\u00a0\u00a0\u00a0\u00a0\u00a0\u00a0\u00a0\u00a0\u00a0\u00a0\u00a0\u00a0\u00a0\u00a0 \u201cNo se borrar\u00e1 f\u00e1cilmente de entre mis recuerdos el de aquella ma\u00f1ana, en la que todos los m\u00edos, silenciosos y tristes, abandon\u00e1bamos la amada <em>terreta. <\/em>Yo, desde el \u00faltimo pelda\u00f1o de la escalinata de la estaci\u00f3n, volv\u00ed mis ojos nublados por las l\u00e1grimas para dirigir un \u00faltimo adi\u00f3s, lleno de ternura, a aqu\u00e9l pueblo en el que quedaban todos mis recuerdos de ni\u00f1o\u2026 En aqu\u00e9l viaje que tuvo para m\u00ed la emoci\u00f3n de un \u00e9xodo b\u00edblico, las maldiciones a la pol\u00edtica volvieron a surgir, recias y fuertes, en mi alma infantil.\u201d (<em>Recuerdo, <\/em>en <em>El Correo, <\/em>Alicante, 1 de julio de 1923.)<\/p>\r\n\r\n\r\n\r\n<p>\u00a0\u00a0\u00a0\u00a0\u00a0\u00a0\u00a0\u00a0\u00a0\u00a0\u00a0\u00a0\u00a0\u00a0\u00a0 Estos dos recuerdos de Carlos Arniches son un claro ejemplo de lo que ser\u00e1 el resto de su vida: una lucha contra las injusticias. No toler\u00f3 la injusticia del sombrerero de la calle Mayor, ni tolerar\u00eda m\u00e1s adelante, las tropel\u00edas de los pol\u00edticos como podremos ver en obras como <em>El se\u00f1or Badanas <\/em>o <em>Los caciques.<\/em><\/p>\r\n","protected":false},"excerpt":{"rendered":"<p>\u00a0\u00a0\u00a0\u00a0\u00a0\u00a0\u00a0\u00a0\u00a0\u00a0\u00a0\u00a0\u00a0\u00a0\u00a0 Como hemos comentado antes, Carlos era un buen estudiante. Comenz\u00f3 sus estudios en el colegio La Educaci\u00f3n y despu\u00e9s pas\u00f3 al Colegio San Jos\u00e9. \u00a0\u00a0\u00a0\u00a0\u00a0\u00a0\u00a0\u00a0\u00a0\u00a0\u00a0\u00a0\u00a0\u00a0\u00a0 De esta \u00e9poca cuenta \u00e9l mismo una an\u00e9cdota: \u00a0\u00a0\u00a0\u00a0\u00a0\u00a0\u00a0\u00a0\u00a0\u00a0\u00a0\u00a0\u00a0\u00a0\u00a0 \u201cEra un Domingo de Ramos por la ma\u00f1ana; una de esas ma\u00f1anas de primavera levantina, clara y radiante. Iba yo,&#8230; <\/p>\n<div class=\"read-more navbutton\"><a href=\"http:\/\/www.arniches.com\/index.php\/2019\/02\/11\/la-ninez-de-carlos-arniches-y-2\/\">Leer m\u00e1s<i class=\"fa fa-angle-double-right\"><\/i><\/a><\/div>\n","protected":false},"author":1,"featured_media":0,"comment_status":"closed","ping_status":"closed","sticky":false,"template":"","format":"standard","meta":{"footnotes":""},"categories":[8],"tags":[12,33,32,31],"class_list":["post-302","post","type-post","status-publish","format-standard","hentry","category-infancia","tag-alicante","tag-anecdotas","tag-injusticias","tag-terreta"],"_links":{"self":[{"href":"http:\/\/www.arniches.com\/index.php\/wp-json\/wp\/v2\/posts\/302","targetHints":{"allow":["GET"]}}],"collection":[{"href":"http:\/\/www.arniches.com\/index.php\/wp-json\/wp\/v2\/posts"}],"about":[{"href":"http:\/\/www.arniches.com\/index.php\/wp-json\/wp\/v2\/types\/post"}],"author":[{"embeddable":true,"href":"http:\/\/www.arniches.com\/index.php\/wp-json\/wp\/v2\/users\/1"}],"replies":[{"embeddable":true,"href":"http:\/\/www.arniches.com\/index.php\/wp-json\/wp\/v2\/comments?post=302"}],"version-history":[{"count":4,"href":"http:\/\/www.arniches.com\/index.php\/wp-json\/wp\/v2\/posts\/302\/revisions"}],"predecessor-version":[{"id":894,"href":"http:\/\/www.arniches.com\/index.php\/wp-json\/wp\/v2\/posts\/302\/revisions\/894"}],"wp:attachment":[{"href":"http:\/\/www.arniches.com\/index.php\/wp-json\/wp\/v2\/media?parent=302"}],"wp:term":[{"taxonomy":"category","embeddable":true,"href":"http:\/\/www.arniches.com\/index.php\/wp-json\/wp\/v2\/categories?post=302"},{"taxonomy":"post_tag","embeddable":true,"href":"http:\/\/www.arniches.com\/index.php\/wp-json\/wp\/v2\/tags?post=302"}],"curies":[{"name":"wp","href":"https:\/\/api.w.org\/{rel}","templated":true}]}}