{"id":334,"date":"2019-02-10T17:21:47","date_gmt":"2019-02-10T17:21:47","guid":{"rendered":"http:\/\/www.arniches.com\/?p=334"},"modified":"2019-03-19T18:02:23","modified_gmt":"2019-03-19T18:02:23","slug":"el-adolescente-carlos-arniches-barrera","status":"publish","type":"post","link":"http:\/\/www.arniches.com\/index.php\/2019\/02\/10\/el-adolescente-carlos-arniches-barrera\/","title":{"rendered":"El adolescente Carlos Arniches Barrera"},"content":{"rendered":"<p>Hab\u00edamos dejado a Carlos Arniches y a su familia subidos al tren que, desde su terreta, su Alicante amado, les iba a llevar a tierras catalanas. Sus bi\u00f3grafos nos hablan de Barcelona, de que trabaj\u00f3 en la Banca Freixas, en la Casa Singer y en el peri\u00f3dico <em>La Vanguardia, <\/em>pero nosotros tenemos un contrato del ayuntamiento de Barcelona, en el que se especifica que se le da un sueldo de 5 pts como Agente de la Administraci\u00f3n para la formaci\u00f3n del Padr\u00f3n de c\u00e9dulas personales de Barcelona, con fecha de 24 de abril de 1884. Carlos ten\u00eda 17 a\u00f1os.<\/p>\n<p><img loading=\"lazy\" decoding=\"async\" class=\"alignnone size-medium wp-image-335 aligncenter\" src=\"http:\/\/www.arniches.com\/wp-content\/uploads\/2019\/03\/doc-n\u00ba-5-218x300.jpg\" alt=\"\" width=\"218\" height=\"300\" srcset=\"http:\/\/www.arniches.com\/wp-content\/uploads\/2019\/03\/doc-n\u00ba-5-218x300.jpg 218w, http:\/\/www.arniches.com\/wp-content\/uploads\/2019\/03\/doc-n\u00ba-5-768x1056.jpg 768w, http:\/\/www.arniches.com\/wp-content\/uploads\/2019\/03\/doc-n\u00ba-5-745x1024.jpg 745w, http:\/\/www.arniches.com\/wp-content\/uploads\/2019\/03\/doc-n\u00ba-5.jpg 1700w\" sizes=\"auto, (max-width: 218px) 100vw, 218px\" \/><\/p>\n<p>Texto:<\/p>\n<p>Don Rafael Atard y Llobell<\/p>\n<p>DIRECTOR GENERAL DE IMPUESTOS<\/p>\n<p>&nbsp;<\/p>\n<p><strong>CERTIFICO<\/strong>: que por cuanto atendiendo \u00e1 los m\u00e9ritos y servicios de D. <em>Carlos Arniches<\/em> y en virtud de la autorizacion concedida \u00e1 esta Direccion por Real \u00f3rden de 24 de Abril de 1884, he tenido \u00e1 bien nombrarle por \u00f3rden fecha de hoy para el cargo de Agente de la Administracion para la formacion del padron de c\u00e9dulas personales, \u00e1 las \u00f3rdenes del Administrador de Propiedades \u00e9 Impuestos de la provincia de <em>Barcelona<\/em> con el haber diario de <em>cinco<\/em> pesetas.<\/p>\n<p>&nbsp;<\/p>\n<p><strong>Por tanto<\/strong>, \u00e1 fin de que no pueda ponerse obst\u00e1culo alguno al referido D. <em>Carlos Arniches<\/em> en el desempe\u00f1o de las funciones de su cargo, le expido el presente certificado, que le servir\u00e1 a la vez de T\u00cdTULO, para que desde lu\u00e9go, previos los requisitos expresados en el Real decreto \u00e9 Instruccion de 28 de Noviembre de 1851 y el pago de derechos de timbre que correspondan, pueda entrar en el ejercicio del mismo; en el cual le ser\u00e1n guardadas todas las consideraciones, fueros y preeminencias que le correspondan. Y se previene que esta <strong>Certificacion-T\u00edtulo<\/strong> quedar\u00e1 nula y sin ning\u00fan valor ni efecto si se omitiese el <em>C\u00famplase,<\/em> el decreto mandado dar posesi\u00f3n, y la certificacion de haber tenido efecto por la respectiva Oficina; prohibiendo expresamente que en cualquiera de estos casos se acredite sueldo alguno al interesado no pudiendo ni \u00e1un pon\u00e9rsele en posesion del citado cargo.<\/p>\n<p>Dado en Madrid a ocho de Mayo de 1884.<\/p>\n<p>Firmado: El Director General: Rafael Atard<\/p>\n<p>&nbsp;<\/p>\n<p>CERTIFICACION \u2013 T\u00cdTULO de Agente de la Administracion para la formacion del padron de c\u00e9dulas personales, \u00e1 las \u00f3rdenes del Administrador de Propiedades \u00e9 Impuestos de la provincia de <em>Barcelona<\/em> \u00e1 favor de D<em>. Carlos Arniches<\/em> nombrado para desempe\u00f1ar el referido cargo.<\/p>\n<p>&nbsp;<\/p>\n<p>Sello de la DELEGACION GENERAL DE IMPUESTOS<\/p>\n<p>&nbsp;<\/p>\n<p>(Se ha respetado la graf\u00eda original con acento en las letras \u00e1, \u00e9, y en las palabras como \u00e1un, lu\u00e9go \u00f3rden\u00a0 as\u00ed como la ausencia de acentos en Certificacion, autorizacion, formacion, Administracion, Instruccion, padron y posesion. Siguiendo a Bego\u00f1a Irigoyen Zuazola, profesora de Lengua y Literatura Espa\u00f1ola, \u00abla normativa actual de la RAE es calra hoy en d\u00eda respecto a la acentuaci\u00f3n de los monos\u00edlabos: <em>\u00ablas palabras de una sola s\u00edlaba no se acent\u00faan nunca gr\u00e1ficamente salvo en los casos de la tilde diacr\u00edtica, que es el acento gr\u00e1fico que permite distinguir palabras con id\u00e9ntica forma, pero que pertenecen a categor\u00edas gramaticales diferentes. Un ejemplo claro ser\u00eda el de la preposici\u00f3n \u00abde\u00bb frente a \u00abd\u00e9\u00bb, la forma del verbo dar. La preposici\u00f3n a, sin embargo, no ofrece ninguna posible ambig\u00fcedad, por lo que no se escribe con tilde\u00bb.<\/em><\/p>\n<p>Pero no siempre fue as\u00ed, ya que encontramos que en textos anteriores al siglo XX la \u00aba\u00bb aparece escrita con tilde, y en la edici\u00f3n del Diccionario de la Real Academia de 1899 se recoge todav\u00eda la preposici\u00f3n \u00aba\u00bb tildada, frente a la edici\u00f3n de 1914, que la incluye ya sin tilde. Se entiende as\u00ed la permanencia del criterio anterior en los autores de principios de siglo, que manten\u00edan en general las directrices ortogr\u00e1ficas en que se hab\u00edan formado.)<\/p>\n<p>Adem\u00e1s, y como elemento novedoso en la biograf\u00eda de Carlos Arniches, podemos aportar el dato de su lugar exacto de residencia en Catalu\u00f1a. No fue en Barcelona, sino en Granollers, en el barrio del Rubiol. Esto lo podemos saber por el Certificado de Buena Conducta obtenido para poder viajar a Madrid en 1885. Aqu\u00ed podemos leer ese certificado<\/p>\n<p style=\"text-align: center;\"><img loading=\"lazy\" decoding=\"async\" class=\"alignnone size-medium wp-image-337\" src=\"http:\/\/www.arniches.com\/wp-content\/uploads\/2019\/03\/doc-n\u00ba2-218x300.jpg\" alt=\"\" width=\"218\" height=\"300\" srcset=\"http:\/\/www.arniches.com\/wp-content\/uploads\/2019\/03\/doc-n\u00ba2-218x300.jpg 218w, http:\/\/www.arniches.com\/wp-content\/uploads\/2019\/03\/doc-n\u00ba2-768x1056.jpg 768w, http:\/\/www.arniches.com\/wp-content\/uploads\/2019\/03\/doc-n\u00ba2-745x1024.jpg 745w, http:\/\/www.arniches.com\/wp-content\/uploads\/2019\/03\/doc-n\u00ba2.jpg 1700w\" sizes=\"auto, (max-width: 218px) 100vw, 218px\" \/><\/p>\n<p>Texto: <strong>Don Rafael Salaya y Toro<\/strong>.<\/p>\n<p>&nbsp;<\/p>\n<p>Secretario del Excelent\u00edsimo Ayuntamiento Constitucional de \u00e9sta M.H. Villa.<\/p>\n<p>&nbsp;<\/p>\n<p><em>Certifico que por Don Carlos Arniches y Barrera, residente en esta capital, se solicit\u00f3 al Excelent\u00edsimo Sr. Alcalde en instancia del cuatro del actual, se le expidiera certificaci\u00f3n que acreditase su buena conducta. Del Informe emitido por el Alcalde del Barrio del Rubiol aparece que el interesado observa buena conducta durante su permanencia en el expresado barrio<\/em>.<\/p>\n<p>&nbsp;<\/p>\n<p><em>Y para que conste expido la presente visada por S. E. y sellada con el de las armas de Madrid en sus casas consistoriales a cinco de Noviembre de 1885<\/em><\/p>\n<p>V\u00ba B\u00ba: Alberto Bos y Rafael Salaya<\/p>\n<p>&nbsp;<\/p>\n<p>&nbsp;<\/p>\n<p>En el lateral<\/p>\n<p>&nbsp;<\/p>\n<p>Sello del Ayuntamiento Constitucional. Madrid.<\/p>\n<p>&nbsp;<\/p>\n<p>DERECHOS: 5 pesetas<\/p>\n<p>&nbsp;<\/p>\n<p>Pagadas en 5 de Octubre seg\u00fan recibo n\u00ba 1706 sentado al folio 83 de su cuenta general.<\/p>\n<p>&nbsp;<\/p>\n<p>Firmado el Jefe de Negociado: Teodosio de Robles.<\/p>\n<p>Ahora ya tenemos bien ubicado a nuestro Carlos: ha probado varios empleos, ha sido noticiero en <em>La Vanguardia y <\/em>ha ganado sus primeros \u00abdineros\u00bb, (cinco pesetas de 1884 podr\u00edan ser unos 20 \u20ac actuales, que era lo que le daban por d\u00eda que trabajaba), Su residencia en un barrio muy humilde del Rubiol tambi\u00e9n es otro elemento que favorece su marcha. En su casa quieren que explote su capacidad de trabajo en la universidad, su t\u00eda Asunci\u00f3n que ya aloja en Madrid a dos de sus hermanas, da su consentimiento con una condici\u00f3n: que Carlos se apunte a la carrera de Derecho. Carlos Arniches emprende su primer viaje a Madrid en el a\u00f1o 1885. Tiene 19 a\u00f1os. Solo hay un problema: la salida de la carrera de Derecho es la pol\u00edtica, las leyes, la abogac\u00eda&#8230;, y \u00e9l odia la pol\u00edtica y todo lo relacionado con ella. Veremos c\u00f3mo se desenvuelve nuestro \u00abjoven\u00bb Carlos en Madrid, pero esto ser\u00e1 en el siguiente cap\u00edtulo.<\/p>\n<p>&nbsp;<\/p>\n","protected":false},"excerpt":{"rendered":"<p>Hab\u00edamos dejado a Carlos Arniches y a su familia subidos al tren que, desde su terreta, su Alicante amado, les iba a llevar a tierras catalanas. Sus bi\u00f3grafos nos hablan de Barcelona, de que trabaj\u00f3 en la Banca Freixas, en la Casa Singer y en el peri\u00f3dico La Vanguardia, pero nosotros tenemos un contrato del&#8230; <\/p>\n<div class=\"read-more navbutton\"><a href=\"http:\/\/www.arniches.com\/index.php\/2019\/02\/10\/el-adolescente-carlos-arniches-barrera\/\">Leer m\u00e1s<i class=\"fa fa-angle-double-right\"><\/i><\/a><\/div>\n","protected":false},"author":1,"featured_media":0,"comment_status":"closed","ping_status":"closed","sticky":false,"template":"","format":"standard","meta":{"footnotes":""},"categories":[9],"tags":[40,39,37,16,38],"class_list":["post-334","post","type-post","status-publish","format-standard","hentry","category-adolescencia","tag-certificado-de-buena-conducta","tag-freixas","tag-la-vanguardia","tag-rubiol","tag-singer"],"_links":{"self":[{"href":"http:\/\/www.arniches.com\/index.php\/wp-json\/wp\/v2\/posts\/334","targetHints":{"allow":["GET"]}}],"collection":[{"href":"http:\/\/www.arniches.com\/index.php\/wp-json\/wp\/v2\/posts"}],"about":[{"href":"http:\/\/www.arniches.com\/index.php\/wp-json\/wp\/v2\/types\/post"}],"author":[{"embeddable":true,"href":"http:\/\/www.arniches.com\/index.php\/wp-json\/wp\/v2\/users\/1"}],"replies":[{"embeddable":true,"href":"http:\/\/www.arniches.com\/index.php\/wp-json\/wp\/v2\/comments?post=334"}],"version-history":[{"count":2,"href":"http:\/\/www.arniches.com\/index.php\/wp-json\/wp\/v2\/posts\/334\/revisions"}],"predecessor-version":[{"id":338,"href":"http:\/\/www.arniches.com\/index.php\/wp-json\/wp\/v2\/posts\/334\/revisions\/338"}],"wp:attachment":[{"href":"http:\/\/www.arniches.com\/index.php\/wp-json\/wp\/v2\/media?parent=334"}],"wp:term":[{"taxonomy":"category","embeddable":true,"href":"http:\/\/www.arniches.com\/index.php\/wp-json\/wp\/v2\/categories?post=334"},{"taxonomy":"post_tag","embeddable":true,"href":"http:\/\/www.arniches.com\/index.php\/wp-json\/wp\/v2\/tags?post=334"}],"curies":[{"name":"wp","href":"https:\/\/api.w.org\/{rel}","templated":true}]}}