{"id":5105,"date":"2024-09-07T09:39:55","date_gmt":"2024-09-07T09:39:55","guid":{"rendered":"http:\/\/www.arniches.com\/?p=5105"},"modified":"2024-09-09T13:52:19","modified_gmt":"2024-09-09T13:52:19","slug":"agenda-arniches-temporada-24-25","status":"publish","type":"post","link":"http:\/\/www.arniches.com\/index.php\/2024\/09\/07\/agenda-arniches-temporada-24-25\/","title":{"rendered":"AGENDA ARNICHES TEMPORADA 24-25"},"content":{"rendered":"<p style=\"text-align: center;\"><span style=\"color: #ff0000;\"><strong>AGENDA ARNICHES TEMPORADA 24-25<\/strong><\/span><\/p>\n<p><em><strong><span style=\"color: #ff0000;\">SEPTIEMBRE 2024- D\u00cdA 13.<\/span> PRESENTACI\u00d3N DE LA TEMPORADA DEL TEATRO FERN\u00c1N G\u00d3MEZ.<\/strong><\/em><\/p>\n<p><em><strong>SE ANUNCIAR\u00c1N LAS FECHAS DE FEBRERO Y MARZO 2025\u00a0<\/strong><\/em><em><strong>DE LAS REPRESENTACIONES DE LA OBRA<\/strong><\/em><\/p>\n<p><strong>\u00abLA SE\u00d1ORITA DE TREV\u00c9LEZ\u00bb de Carlos Arniches.<\/strong><\/p>\n<p>&nbsp;<\/p>\n<p><em><strong><span style=\"color: #ff0000;\">SEPTIEMBRE 2024- D\u00cdA 26.<\/span> CADENA SER DE ALCOI. 10H 30. ENTREVISTA A <\/strong><\/em><strong>Joseba Barron-Arniches Ezpeleta <\/strong><em><strong>CON MOTIVO DE \u00abLA SEMANA MODERNISTA\u00bb EN LA QUE SE HOMENAJEA A\u00a0<\/strong><\/em><strong>Gonzalo Cant\u00f3, POETA Y DRAMATURGO ALCOYANO AMIGO Y COLABORADOR\u00a0<\/strong><strong>DE <\/strong><strong>Carlos Arniches DE 1888 A 1896.<\/strong><\/p>\n<p><em><strong><span style=\"color: #ff0000;\">DIA 26.<\/span> ENTREVISTA EN EL PERI\u00d3DICO \u00abNOSTRE CIUTAT\u00bb DE ALCOI.<\/strong><\/em><\/p>\n<p><em><strong><span style=\"color: #ff0000;\">DIA 26.<\/span> CONFERENCIA COLOQUIO A LAS 19H EN ALCOI CON EL T\u00cdTULO:<\/strong><\/em><\/p>\n<p><strong>\u00abGONZALO CANT\u00d3 Y CARLOS ARNICHES: DOS ALICANTINOS EN MADRID\u00bb.<\/strong><\/p>\n<p><em><strong>PRESENTACI\u00d3N DEL LIBRO: \u00abCARLOS ARNICHES Y ALICANTE\u00bb.<\/strong><\/em><\/p>\n<p>Sal\u00f3n de Actos del Colegio Carmelitas de Alcoi. Calle Pintor Casanova, 22.<\/p>\n<p><img loading=\"lazy\" decoding=\"async\" class=\"size-full wp-image-5083 aligncenter\" src=\"http:\/\/www.arniches.com\/wp-content\/uploads\/2024\/08\/AlicanteB.png\" alt=\"Carlos Arniches y Alicante\" width=\"218\" height=\"265\" \/><\/p>\n<p><em><strong><span style=\"color: #ff0000;\">SEPTIEMBRE 2024- D\u00cdA 28<\/span>. S\u00c1BADO A LAS 20H. TEATRO CALDER\u00d3N. PLAZA DE ESPA\u00d1A, 14. ALCOI.<\/strong><\/em><\/p>\n<p><em><strong>SE REPRESENTAR\u00c1 LA OBRA SOBRE CANT\u00d3, ARNICHES Y CHAP\u00cd DEL DRAMATURGO\u00a0<\/strong><\/em><strong>Ximo Lloren\u00e7 <em>TITULADA: \u00abSOMBRAS DE BOHEMIA\u00bb.<\/em><\/strong><\/p>\n<p>&nbsp;<\/p>\n<p><span style=\"color: #ff0000;\"><em><strong>DICIEMBRE 2024.\u00a0<span style=\"color: #ff0000;\">FECHA A DETERMINAR. PRESENTACI\u00d3N DEL LIBRO:<\/span><\/strong><\/em><\/span><\/p>\n<p><em><strong>\u00abLA GUERRA AL MACHISMO EN EL TEATRO DE CARLOS ARNICHES\u00bb. CON PR\u00d3LOGO DE Nerea Barron Irigoyen.<\/strong><\/em><\/p>\n<p style=\"text-align: center;\"><img loading=\"lazy\" decoding=\"async\" class=\"alignnone size-medium wp-image-5109\" src=\"http:\/\/www.arniches.com\/wp-content\/uploads\/2024\/09\/portada-239x300.png\" alt=\"\" width=\"239\" height=\"300\" srcset=\"http:\/\/www.arniches.com\/wp-content\/uploads\/2024\/09\/portada-239x300.png 239w, http:\/\/www.arniches.com\/wp-content\/uploads\/2024\/09\/portada.png 470w\" sizes=\"auto, (max-width: 239px) 100vw, 239px\" \/><\/p>\n<p>&nbsp;<\/p>\n<p><em><strong><span style=\"color: #ff0000;\">DICIEMBRE 2024- D\u00cdA 28<\/span>. S\u00c1BADO A LAS 20H. AUDITORIO DE LA DIPUTACI\u00d3N DE VALENCIA.\u00a0<\/strong><\/em><em><strong>PASEO CAMPOAMOR, 4.\u00a0<\/strong><\/em><\/p>\n<p><em><strong>ESTRENO: \u00abARNICHES: EL MAESTRO DE LA ZARZUELA\u00bb.<\/strong><\/em><\/p>\n<p><em><strong>DIRIGIDO POR\u00a0<\/strong><\/em><strong>Octavio J. Peidr\u00f3.<\/strong><\/p>\n<p><strong><em>D<\/em><\/strong><em><strong>IRECCI\u00d3N DEL CORO: <\/strong><\/em><strong>Isa Mari Puig.<\/strong><\/p>\n<p><em><strong>ORQUESTA SINF\u00d3NICA TEATRO CASTELAR DE ELDA.<\/strong><\/em><\/p>\n<p><em><strong>ORFE\u00d3N CREVILLENTINO.<\/strong><\/em><\/p>\n<p><em><strong>PARTITURAS DE LOS MAESTROS:\u00a0<\/strong><\/em><strong>CHUECA, CHAP\u00cd, FERN\u00c1NDEZ-CABALLERO,\u00a0<\/strong><strong>VALVERDE, TORREGROSA, CALLEJA, SERRANO,\u00a0<\/strong><strong>VIVES, ALONSO Y GURIDI.<\/strong><\/p>\n<p>&nbsp;<\/p>\n<p><em><strong><span style=\"color: #ff0000;\">FEBRERO 2025-<\/span> <span style=\"color: #ff0000;\">FECHAS A DETERMINAR<\/span>. TEATRO FERN\u00c1N G\u00d3MEZ. PLAZA DE COL\u00d3N, 4. MADRID.<\/strong><\/em><\/p>\n<p><em><strong>REPRESENTACI\u00d3N DE LA OBRA: \u00ab<\/strong><\/em><strong>LA SE\u00d1ORITA DE TREV\u00c9LEZ\u00bb\u00a0<\/strong><em><strong>DE\u00a0<\/strong><\/em><strong>Carlos Arniches.<\/strong><\/p>\n<p><em><strong>DIRECCI\u00d3N DE\u00a0<\/strong><\/em><strong>Juan Carlos P\u00e9rez de la Fuente.<\/strong><\/p>\n<p>&nbsp;<\/p>\n<p><em><strong><span style=\"color: #ff0000;\">MARZO 2025-<\/span> <span style=\"color: #ff0000;\">FECHAS A DETERMINAR<\/span>. TEATRO FERN\u00c1N G\u00d3MEZ. PLAZA DE COL\u00d3N, 4. MADRID.<\/strong><\/em><\/p>\n<p><em><strong>REPRESENTACI\u00d3N DE LA OBRA: \u00ab<\/strong><\/em><strong>LA SE\u00d1ORITA DE TREV\u00c9LEZ\u00bb\u00a0<\/strong><em><strong>DE\u00a0<\/strong><\/em><strong>Carlos Arniches.<\/strong><\/p>\n<p><em><strong>DIRECCI\u00d3N DE\u00a0<\/strong><\/em><strong>Juan Carlos P\u00e9rez de la Fuente.<\/strong><\/p>\n<p>&nbsp;<\/p>\n<p><em><strong><span style=\"color: #ff0000;\">ABRIL 2025<\/span>. <span style=\"color: #ff0000;\">FECHA A DETERMINAR<\/span>. PRESENTACI\u00d3N DEL LIBRO:\u00a0<\/strong><\/em><strong>ARNICHES Y LA MAR.<\/strong><\/p>\n<p><em><strong>LUGAR:\u00a0<\/strong><\/em><strong>ITSASMUSEUM.\u00a0<\/strong><strong><em>MUELLE RAM\u00d3N DE LA SOTA, 1. BILBAO.<\/em><\/strong><\/p>\n<p><em><strong>HORA A DETERMINAR.<\/strong><\/em><\/p>\n<p>&nbsp;<\/p>\n<p><em><strong><span style=\"color: #ff0000;\">ABRIL 2025- D\u00cdA 31<\/span>. 19H 30. TEATRO ARRIAGA. PLAZA DE ARRIAGA, 1. BILBAO. REPRESENTACI\u00d3N DE<\/strong><\/em><\/p>\n<p><strong>\u00abMARI ELI\u00bb\u00a0<\/strong><strong><em>ZARZUELA CON M\u00daSICA DE GURIDI Y ESCRITA POR Arniches y Garay.<\/em><\/strong><\/p>\n<p><em><strong>DIRECCI\u00d3N DE\u00a0<\/strong><\/em><strong>Calixto Bieito.<\/strong><\/p>\n<p>&nbsp;<\/p>\n<p><em><strong><span style=\"color: #ff0000;\">MAYO 2025- DIA 1.<\/span> 19H 00.\u00a0<\/strong><\/em><em><strong>TEATRO ARRIAGA. PLAZA DE ARRIAGA, 1. BILBAO. REPRESENTACI\u00d3N DE<\/strong><\/em><\/p>\n<p><strong>\u00abMARI ELI\u00bb\u00a0<\/strong><strong><em>ZARZUELA CON M\u00daSICA DE GURIDI Y ESCRITA POR Arniches y Garay.<\/em><\/strong><\/p>\n<p><em><strong>DIRECCI\u00d3N DE\u00a0<\/strong><\/em><strong>Calixto Bieito.<\/strong><\/p>\n<p>&nbsp;<\/p>\n<p><span style=\"color: #ff0000;\"><em><strong>OCTUBRE 2025- DIA 11.\u00a0<span style=\"color: #000000;\">S\u00c1BADO. <\/span><span style=\"color: #000000;\">REUNI\u00d3N DEL UNIVERSO ARNICHES EN EL \u00abRESTAURANTE EL GOLOSO\u00bb.\u00a0<\/span><\/strong><\/em><\/span><em><strong> NOS VOLVEREMOS A REUNIR JUSTO EN EL D\u00cdA DE LA CONMEMORACI\u00d3N DEL <\/strong><\/em><em><strong>NACIMIENTO DE CARLOS ARNICHES, A LOS 159 A\u00d1OS: 11-10-1866.\u00a0<\/strong><\/em><\/p>\n","protected":false},"excerpt":{"rendered":"<p>AGENDA ARNICHES TEMPORADA 24-25 SEPTIEMBRE 2024- D\u00cdA 13. PRESENTACI\u00d3N DE LA TEMPORADA DEL TEATRO FERN\u00c1N G\u00d3MEZ. SE ANUNCIAR\u00c1N LAS FECHAS DE FEBRERO Y MARZO 2025\u00a0DE LAS REPRESENTACIONES DE LA OBRA \u00abLA SE\u00d1ORITA DE TREV\u00c9LEZ\u00bb de Carlos Arniches. &nbsp; SEPTIEMBRE 2024- D\u00cdA 26. CADENA SER DE ALCOI. 10H 30. ENTREVISTA A Joseba Barron-Arniches Ezpeleta CON MOTIVO&#8230; <\/p>\n<div class=\"read-more navbutton\"><a href=\"http:\/\/www.arniches.com\/index.php\/2024\/09\/07\/agenda-arniches-temporada-24-25\/\">Leer m\u00e1s<i class=\"fa fa-angle-double-right\"><\/i><\/a><\/div>\n","protected":false},"author":1,"featured_media":0,"comment_status":"open","ping_status":"closed","sticky":false,"template":"","format":"standard","meta":{"footnotes":""},"categories":[243],"tags":[544],"class_list":["post-5105","post","type-post","status-publish","format-standard","hentry","category-arniches-hoy-en-dia","tag-agenda-arniches"],"_links":{"self":[{"href":"http:\/\/www.arniches.com\/index.php\/wp-json\/wp\/v2\/posts\/5105","targetHints":{"allow":["GET"]}}],"collection":[{"href":"http:\/\/www.arniches.com\/index.php\/wp-json\/wp\/v2\/posts"}],"about":[{"href":"http:\/\/www.arniches.com\/index.php\/wp-json\/wp\/v2\/types\/post"}],"author":[{"embeddable":true,"href":"http:\/\/www.arniches.com\/index.php\/wp-json\/wp\/v2\/users\/1"}],"replies":[{"embeddable":true,"href":"http:\/\/www.arniches.com\/index.php\/wp-json\/wp\/v2\/comments?post=5105"}],"version-history":[{"count":8,"href":"http:\/\/www.arniches.com\/index.php\/wp-json\/wp\/v2\/posts\/5105\/revisions"}],"predecessor-version":[{"id":5114,"href":"http:\/\/www.arniches.com\/index.php\/wp-json\/wp\/v2\/posts\/5105\/revisions\/5114"}],"wp:attachment":[{"href":"http:\/\/www.arniches.com\/index.php\/wp-json\/wp\/v2\/media?parent=5105"}],"wp:term":[{"taxonomy":"category","embeddable":true,"href":"http:\/\/www.arniches.com\/index.php\/wp-json\/wp\/v2\/categories?post=5105"},{"taxonomy":"post_tag","embeddable":true,"href":"http:\/\/www.arniches.com\/index.php\/wp-json\/wp\/v2\/tags?post=5105"}],"curies":[{"name":"wp","href":"https:\/\/api.w.org\/{rel}","templated":true}]}}