{"id":5116,"date":"2024-09-14T15:07:54","date_gmt":"2024-09-14T15:07:54","guid":{"rendered":"http:\/\/www.arniches.com\/?p=5116"},"modified":"2024-09-14T15:07:54","modified_gmt":"2024-09-14T15:07:54","slug":"presentacion-de-la-senorita-de-trevelez-en-el-teatro-fernan-gomez","status":"publish","type":"post","link":"http:\/\/www.arniches.com\/index.php\/2024\/09\/14\/presentacion-de-la-senorita-de-trevelez-en-el-teatro-fernan-gomez\/","title":{"rendered":"PRESENTACION DE \u00abLA SE\u00d1ORITA DE TREV\u00c9LEZ\u00bb EN EL TEATRO FERN\u00c1N G\u00d3MEZ"},"content":{"rendered":"<p style=\"text-align: center;\"><strong>PRESENTACI\u00d3N DE\u00a0<em>LA SE\u00d1ORITA DE TREV\u00c9LEZ\u00a0<\/em>EN EL TEATRO FERN\u00c1N G\u00d3MEZ<\/strong><\/p>\n<p style=\"text-align: center;\"><img loading=\"lazy\" decoding=\"async\" class=\"alignnone size-medium wp-image-5117\" src=\"http:\/\/www.arniches.com\/wp-content\/uploads\/2024\/09\/CARATULA-200x300.jpg\" alt=\"\" width=\"200\" height=\"300\" srcset=\"http:\/\/www.arniches.com\/wp-content\/uploads\/2024\/09\/CARATULA-200x300.jpg 200w, http:\/\/www.arniches.com\/wp-content\/uploads\/2024\/09\/CARATULA-683x1024.jpg 683w, http:\/\/www.arniches.com\/wp-content\/uploads\/2024\/09\/CARATULA-768x1152.jpg 768w, http:\/\/www.arniches.com\/wp-content\/uploads\/2024\/09\/CARATULA-1024x1536.jpg 1024w, http:\/\/www.arniches.com\/wp-content\/uploads\/2024\/09\/CARATULA-1365x2048.jpg 1365w, http:\/\/www.arniches.com\/wp-content\/uploads\/2024\/09\/CARATULA-scaled.jpg 1706w\" sizes=\"auto, (max-width: 200px) 100vw, 200px\" \/><\/p>\n<p>El maravilloso actor Daniel Albadalejo ser\u00e1 <em>Don Gonzalo,<\/em> hermano mayor de <em>Florita<\/em>, interpretada por Silvia de P\u00e9. El director del Teatro ser\u00e1, as\u00ed mismo, el director de la obra. La versi\u00f3n corre a cargo de Ignacio Garc\u00eda May que habl\u00f3 de la obra con un enorme cari\u00f1o y conocimiento, llegando a la clave que quer\u00eda darle Carlos Arniches: el pueblo que se burla de sus conciudadanos y se r\u00ede con sus desgracias est\u00e1 abocado a la miseria intelectual y al m\u00e1s bochornoso de los espect\u00e1culos. La risa sana eleva las almas; la burla las ennegrece. La falta de cultura favorece ese ambiente oscuro y burl\u00f3n de la sociedad; la preparaci\u00f3n acad\u00e9mica, la literatura, la cultura, el arte, dibujan un horizonte lleno de esperanzas para la sociedad.<\/p>\n<p style=\"text-align: center;\"><img loading=\"lazy\" decoding=\"async\" class=\"alignnone  wp-image-5123\" src=\"http:\/\/www.arniches.com\/wp-content\/uploads\/2024\/09\/PRESENTACION-DE-LA-TEMPORADA-09-300x200.jpg\" alt=\"\" width=\"480\" height=\"320\" srcset=\"http:\/\/www.arniches.com\/wp-content\/uploads\/2024\/09\/PRESENTACION-DE-LA-TEMPORADA-09-300x200.jpg 300w, http:\/\/www.arniches.com\/wp-content\/uploads\/2024\/09\/PRESENTACION-DE-LA-TEMPORADA-09-1024x683.jpg 1024w, http:\/\/www.arniches.com\/wp-content\/uploads\/2024\/09\/PRESENTACION-DE-LA-TEMPORADA-09-768x512.jpg 768w, http:\/\/www.arniches.com\/wp-content\/uploads\/2024\/09\/PRESENTACION-DE-LA-TEMPORADA-09-120x80.jpg 120w, http:\/\/www.arniches.com\/wp-content\/uploads\/2024\/09\/PRESENTACION-DE-LA-TEMPORADA-09.jpg 1500w\" sizes=\"auto, (max-width: 480px) 100vw, 480px\" \/><\/p>\n<p style=\"text-align: center;\">Fotograf\u00eda de todos los componentes de las diferentes obras que van a dar cuerpo a la Temporada 24-25.<\/p>\n<p style=\"text-align: center;\"><img loading=\"lazy\" decoding=\"async\" class=\"alignnone size-full wp-image-5124\" src=\"http:\/\/www.arniches.com\/wp-content\/uploads\/2024\/09\/PRESENTACION-DE-LA-TEMPORADA-07.jpg\" alt=\"\" width=\"165\" height=\"240\" \/><\/p>\n<p style=\"text-align: center;\">Un emocionado Juan Carlos P\u00e9rez de la Fuente no pudo reprimir las l\u00e1grimas ante el recuerdo de los que se han ido y el aplauso del p\u00fablico.<\/p>\n<p style=\"text-align: center;\"><img loading=\"lazy\" decoding=\"async\" class=\"alignnone size-full wp-image-5125\" src=\"http:\/\/www.arniches.com\/wp-content\/uploads\/2024\/09\/PRESENTACION-DE-LA-TEMPORADA-08.jpg\" alt=\"\" width=\"180\" height=\"240\" \/><\/p>\n<p><img loading=\"lazy\" decoding=\"async\" class=\"alignnone size-medium wp-image-5118 aligncenter\" src=\"http:\/\/www.arniches.com\/wp-content\/uploads\/2024\/09\/PRESENTACION-DE-LA-TEMPORADA-05-300x225.jpg\" alt=\"\" width=\"300\" height=\"225\" srcset=\"http:\/\/www.arniches.com\/wp-content\/uploads\/2024\/09\/PRESENTACION-DE-LA-TEMPORADA-05-300x225.jpg 300w, http:\/\/www.arniches.com\/wp-content\/uploads\/2024\/09\/PRESENTACION-DE-LA-TEMPORADA-05-1024x768.jpg 1024w, http:\/\/www.arniches.com\/wp-content\/uploads\/2024\/09\/PRESENTACION-DE-LA-TEMPORADA-05-768x576.jpg 768w, http:\/\/www.arniches.com\/wp-content\/uploads\/2024\/09\/PRESENTACION-DE-LA-TEMPORADA-05-1536x1152.jpg 1536w, http:\/\/www.arniches.com\/wp-content\/uploads\/2024\/09\/PRESENTACION-DE-LA-TEMPORADA-05-2048x1536.jpg 2048w, http:\/\/www.arniches.com\/wp-content\/uploads\/2024\/09\/PRESENTACION-DE-LA-TEMPORADA-05-160x120.jpg 160w\" sizes=\"auto, (max-width: 300px) 100vw, 300px\" \/><\/p>\n<p>&nbsp;<\/p>\n<p><img loading=\"lazy\" decoding=\"async\" class=\"alignnone size-medium wp-image-5119 aligncenter\" src=\"http:\/\/www.arniches.com\/wp-content\/uploads\/2024\/09\/PRESENTACION-DE-LA-TEMPORADA-04-300x225.jpg\" alt=\"\" width=\"300\" height=\"225\" srcset=\"http:\/\/www.arniches.com\/wp-content\/uploads\/2024\/09\/PRESENTACION-DE-LA-TEMPORADA-04-300x225.jpg 300w, http:\/\/www.arniches.com\/wp-content\/uploads\/2024\/09\/PRESENTACION-DE-LA-TEMPORADA-04-1024x768.jpg 1024w, http:\/\/www.arniches.com\/wp-content\/uploads\/2024\/09\/PRESENTACION-DE-LA-TEMPORADA-04-768x576.jpg 768w, http:\/\/www.arniches.com\/wp-content\/uploads\/2024\/09\/PRESENTACION-DE-LA-TEMPORADA-04-1536x1152.jpg 1536w, http:\/\/www.arniches.com\/wp-content\/uploads\/2024\/09\/PRESENTACION-DE-LA-TEMPORADA-04-2048x1536.jpg 2048w, http:\/\/www.arniches.com\/wp-content\/uploads\/2024\/09\/PRESENTACION-DE-LA-TEMPORADA-04-160x120.jpg 160w\" sizes=\"auto, (max-width: 300px) 100vw, 300px\" \/><\/p>\n<p><img loading=\"lazy\" decoding=\"async\" class=\"alignnone size-medium wp-image-5120 aligncenter\" src=\"http:\/\/www.arniches.com\/wp-content\/uploads\/2024\/09\/PRESENTACION-DE-LA-TEMPORADA-FINAL-01-300x225.jpg\" alt=\"\" width=\"300\" height=\"225\" srcset=\"http:\/\/www.arniches.com\/wp-content\/uploads\/2024\/09\/PRESENTACION-DE-LA-TEMPORADA-FINAL-01-300x225.jpg 300w, http:\/\/www.arniches.com\/wp-content\/uploads\/2024\/09\/PRESENTACION-DE-LA-TEMPORADA-FINAL-01-1024x769.jpg 1024w, http:\/\/www.arniches.com\/wp-content\/uploads\/2024\/09\/PRESENTACION-DE-LA-TEMPORADA-FINAL-01-768x577.jpg 768w, http:\/\/www.arniches.com\/wp-content\/uploads\/2024\/09\/PRESENTACION-DE-LA-TEMPORADA-FINAL-01-1536x1154.jpg 1536w, http:\/\/www.arniches.com\/wp-content\/uploads\/2024\/09\/PRESENTACION-DE-LA-TEMPORADA-FINAL-01-2048x1539.jpg 2048w, http:\/\/www.arniches.com\/wp-content\/uploads\/2024\/09\/PRESENTACION-DE-LA-TEMPORADA-FINAL-01-160x120.jpg 160w\" sizes=\"auto, (max-width: 300px) 100vw, 300px\" \/><\/p>\n<p><img loading=\"lazy\" decoding=\"async\" class=\"alignnone size-medium wp-image-5121 aligncenter\" src=\"http:\/\/www.arniches.com\/wp-content\/uploads\/2024\/09\/PRESENTACION-DE-LA-TEMPORADA-02-300x225.jpg\" alt=\"\" width=\"300\" height=\"225\" srcset=\"http:\/\/www.arniches.com\/wp-content\/uploads\/2024\/09\/PRESENTACION-DE-LA-TEMPORADA-02-300x225.jpg 300w, http:\/\/www.arniches.com\/wp-content\/uploads\/2024\/09\/PRESENTACION-DE-LA-TEMPORADA-02-1024x768.jpg 1024w, http:\/\/www.arniches.com\/wp-content\/uploads\/2024\/09\/PRESENTACION-DE-LA-TEMPORADA-02-768x576.jpg 768w, http:\/\/www.arniches.com\/wp-content\/uploads\/2024\/09\/PRESENTACION-DE-LA-TEMPORADA-02-1536x1152.jpg 1536w, http:\/\/www.arniches.com\/wp-content\/uploads\/2024\/09\/PRESENTACION-DE-LA-TEMPORADA-02-2048x1536.jpg 2048w, http:\/\/www.arniches.com\/wp-content\/uploads\/2024\/09\/PRESENTACION-DE-LA-TEMPORADA-02-160x120.jpg 160w\" sizes=\"auto, (max-width: 300px) 100vw, 300px\" \/><\/p>\n<p style=\"text-align: center;\"><img loading=\"lazy\" decoding=\"async\" class=\"alignnone size-medium wp-image-5122\" src=\"http:\/\/www.arniches.com\/wp-content\/uploads\/2024\/09\/PRESENTACION-DE-LA-TEMPORADA-03-300x225.jpg\" alt=\"\" width=\"300\" height=\"225\" srcset=\"http:\/\/www.arniches.com\/wp-content\/uploads\/2024\/09\/PRESENTACION-DE-LA-TEMPORADA-03-300x225.jpg 300w, http:\/\/www.arniches.com\/wp-content\/uploads\/2024\/09\/PRESENTACION-DE-LA-TEMPORADA-03-1024x768.jpg 1024w, http:\/\/www.arniches.com\/wp-content\/uploads\/2024\/09\/PRESENTACION-DE-LA-TEMPORADA-03-768x576.jpg 768w, http:\/\/www.arniches.com\/wp-content\/uploads\/2024\/09\/PRESENTACION-DE-LA-TEMPORADA-03-1536x1152.jpg 1536w, http:\/\/www.arniches.com\/wp-content\/uploads\/2024\/09\/PRESENTACION-DE-LA-TEMPORADA-03-2048x1536.jpg 2048w, http:\/\/www.arniches.com\/wp-content\/uploads\/2024\/09\/PRESENTACION-DE-LA-TEMPORADA-03-160x120.jpg 160w\" sizes=\"auto, (max-width: 300px) 100vw, 300px\" \/><\/p>\n<p style=\"text-align: center;\">Todos los directores y directoras presentaron sus obras ante el p\u00fablico desde el escenario.<\/p>\n<p>Juan Carlos P\u00e9rez de la Fuente dirigi\u00f3 una presentaci\u00f3n emotiva en la que se dio prioridad a los creadores, a los directores, a los actores&#8230; Se potenciar\u00e1 un \u00abrepertorio de cl\u00e1sicos\u00bb. El objetivo es que todos podamos asistir a las obras de los cl\u00e1sicos como Zorrilla, Arniches, Machado, Pardo Baz\u00e1n, Wilde, B\u00e9cquer, e Ibsen.<\/p>\n<p style=\"text-align: center;\"><img loading=\"lazy\" decoding=\"async\" class=\"alignnone size-full wp-image-5126\" src=\"http:\/\/www.arniches.com\/wp-content\/uploads\/2024\/09\/PRESENTACION-DE-LA-TEMPORADA-10.jpg\" alt=\"\" width=\"240\" height=\"180\" srcset=\"http:\/\/www.arniches.com\/wp-content\/uploads\/2024\/09\/PRESENTACION-DE-LA-TEMPORADA-10.jpg 240w, http:\/\/www.arniches.com\/wp-content\/uploads\/2024\/09\/PRESENTACION-DE-LA-TEMPORADA-10-160x120.jpg 160w\" sizes=\"auto, (max-width: 240px) 100vw, 240px\" \/><\/p>\n<p style=\"text-align: center;\">Juan Carlos P\u00e9rez de la Fuente con Silvia de P\u00e9, nuestra <em>Florita<\/em> en <em>La se\u00f1orita de Trev\u00e9lez.<\/em><\/p>\n<p>&nbsp;<\/p>\n<p>&nbsp;<\/p>\n","protected":false},"excerpt":{"rendered":"<p>PRESENTACI\u00d3N DE\u00a0LA SE\u00d1ORITA DE TREV\u00c9LEZ\u00a0EN EL TEATRO FERN\u00c1N G\u00d3MEZ El maravilloso actor Daniel Albadalejo ser\u00e1 Don Gonzalo, hermano mayor de Florita, interpretada por Silvia de P\u00e9. El director del Teatro ser\u00e1, as\u00ed mismo, el director de la obra. La versi\u00f3n corre a cargo de Ignacio Garc\u00eda May que habl\u00f3 de la obra con un enorme&#8230; <\/p>\n<div class=\"read-more navbutton\"><a href=\"http:\/\/www.arniches.com\/index.php\/2024\/09\/14\/presentacion-de-la-senorita-de-trevelez-en-el-teatro-fernan-gomez\/\">Leer m\u00e1s<i class=\"fa fa-angle-double-right\"><\/i><\/a><\/div>\n","protected":false},"author":1,"featured_media":0,"comment_status":"open","ping_status":"closed","sticky":false,"template":"","format":"standard","meta":{"footnotes":""},"categories":[243],"tags":[367],"class_list":["post-5116","post","type-post","status-publish","format-standard","hentry","category-arniches-hoy-en-dia","tag-la-senorita-de-trevelez"],"_links":{"self":[{"href":"http:\/\/www.arniches.com\/index.php\/wp-json\/wp\/v2\/posts\/5116","targetHints":{"allow":["GET"]}}],"collection":[{"href":"http:\/\/www.arniches.com\/index.php\/wp-json\/wp\/v2\/posts"}],"about":[{"href":"http:\/\/www.arniches.com\/index.php\/wp-json\/wp\/v2\/types\/post"}],"author":[{"embeddable":true,"href":"http:\/\/www.arniches.com\/index.php\/wp-json\/wp\/v2\/users\/1"}],"replies":[{"embeddable":true,"href":"http:\/\/www.arniches.com\/index.php\/wp-json\/wp\/v2\/comments?post=5116"}],"version-history":[{"count":1,"href":"http:\/\/www.arniches.com\/index.php\/wp-json\/wp\/v2\/posts\/5116\/revisions"}],"predecessor-version":[{"id":5127,"href":"http:\/\/www.arniches.com\/index.php\/wp-json\/wp\/v2\/posts\/5116\/revisions\/5127"}],"wp:attachment":[{"href":"http:\/\/www.arniches.com\/index.php\/wp-json\/wp\/v2\/media?parent=5116"}],"wp:term":[{"taxonomy":"category","embeddable":true,"href":"http:\/\/www.arniches.com\/index.php\/wp-json\/wp\/v2\/categories?post=5116"},{"taxonomy":"post_tag","embeddable":true,"href":"http:\/\/www.arniches.com\/index.php\/wp-json\/wp\/v2\/tags?post=5116"}],"curies":[{"name":"wp","href":"https:\/\/api.w.org\/{rel}","templated":true}]}}