{"id":5168,"date":"2024-10-06T13:14:18","date_gmt":"2024-10-06T13:14:18","guid":{"rendered":"http:\/\/www.arniches.com\/?p=5168"},"modified":"2024-10-06T13:14:18","modified_gmt":"2024-10-06T13:14:18","slug":"obra-numero-262-peralejo-de-la-sagra","status":"publish","type":"post","link":"http:\/\/www.arniches.com\/index.php\/2024\/10\/06\/obra-numero-262-peralejo-de-la-sagra\/","title":{"rendered":"OBRA N\u00daMERO 262: PERALEJO DE LA SAGRA"},"content":{"rendered":"<p style=\"text-align: center;\">CAP\u00cdTULO 262<\/p>\n<p style=\"text-align: center;\">\n<p style=\"text-align: center;\">\n<p style=\"text-align: center;\"><strong><em>\u00a0<\/em><\/strong><\/p>\n<p style=\"text-align: center;\"><strong><em>PERALEJO DE LA SAGRA <\/em><\/strong><\/p>\n<p><strong><em>\u00a0<\/em><\/strong><\/p>\n<p>&nbsp;<\/p>\n<p>&nbsp;<\/p>\n<p>&nbsp;<\/p>\n<p>Obra conseguida gracias a La Fundaci\u00f3n Mediterr\u00e1neo. La Llum (48). Ser\u00eda su obra n\u00famero 141 en solitario. Etapa Rural, Etapa de Cr\u00edtica Social y Etapa Feminista. Es un boceto.<\/p>\n<p>&nbsp;<\/p>\n<p>Tambi\u00e9n baraja otros nombres como Navaluenga, pueblo de \u00c1vila que sali\u00f3 en la obra <em>\u201cLa pobre ni\u00f1a\u201d- 1912. <\/em>Tambi\u00e9n sale \u201cAncha Castilla\u201d.<\/p>\n<p>&nbsp;<\/p>\n<p style=\"text-align: center;\"><img loading=\"lazy\" decoding=\"async\" class=\"alignnone size-medium wp-image-5169\" src=\"http:\/\/www.arniches.com\/wp-content\/uploads\/2024\/10\/Peralejo-de-la-Sagra-300x240.png\" alt=\"\" width=\"300\" height=\"240\" srcset=\"http:\/\/www.arniches.com\/wp-content\/uploads\/2024\/10\/Peralejo-de-la-Sagra-300x240.png 300w, http:\/\/www.arniches.com\/wp-content\/uploads\/2024\/10\/Peralejo-de-la-Sagra.png 749w\" sizes=\"auto, (max-width: 300px) 100vw, 300px\" \/><\/p>\n<p style=\"text-align: center;\">Folio n\u00ba 303 de 351 custodiados en La Fundaci\u00f3n del Mediterr\u00e1neo. La Llum.<\/p>\n<p>&nbsp;<\/p>\n<p>TRANSCRIPCI\u00d3N.<\/p>\n<p>&nbsp;<\/p>\n<p><em>PLAN.<\/em><\/p>\n<p><em>\u00a0<\/em><\/p>\n<p><em>CUADRO 1\u00ba.\u00a0 Mes\u00f3n en Tomilla de la Sagra.<\/em><\/p>\n<p><em>\u00a0<\/em><\/p>\n<p><em>Escena 1\u00aa.- Amanece. Toque de alba. Canta el gallo. Ruido de colleras en la cuadra. Sale el Garabato detr\u00e1s de la Lucila. Est\u00e1 Fructuoso, un arriero, se pelean.<\/em><\/p>\n<p><em>\u00a0<\/em><\/p>\n<p><em>Escena 2\u00aa.- Viene criada a calentarse. Viene un pastor con un cordero. Viene un santero con el lazarillo. Todos a felicitar al ama. Hablan de ella y del novio. El ciego dice: \u201cTengo yo o\u00eddo rumores\u2026\u201d Ella es mejor que \u00e9l. \u00a0Se qued\u00f3 hu\u00e9rfana, rica\u2026 A nadie ha querido m\u00e1s que a Alejo. <\/em><\/p>\n<p><em>\u00a0<\/em><\/p>\n<p><em>Escena 3\u00aa Vase el arriero. Sale Eusebia. Le pega al Chepa oblig\u00e1ndole a devolver el dinero al Cirilo. Echa a empujones al arriero. <\/em><\/p>\n<p><em>\u00a0<\/em><\/p>\n<p><em>\u00a0\u00a0\u00a0\u00a0\u00a0\u00a0\u00a0\u00a0\u00a0\u00a0\u00a0\u00a0\u00a0 <\/em>Como vemos esta es de las primeras versiones, aqu\u00ed aparecen el Mes\u00f3n, el pueblo Tomilla de la Sagra, aparece el T\u00edo Sidoro pero es un santero, luego ser\u00e1 solo un ciego con su lazarillo, est\u00e1 Eusebia que coger\u00e1 protagonismo en la versi\u00f3n de <em>\u201cLa leona de Salda\u00f1a\u201d,\u00a0 <\/em>est\u00e1 Alejo como novio de Eusebia.<\/p>\n<p>&nbsp;<\/p>\n<p>Garabato tambi\u00e9n est\u00e1, y coger\u00e1 m\u00e1s importancia en la versi\u00f3n de <em>\u201cAncha Castilla\u2026\u201d; <\/em>tambi\u00e9n vemos a Cirilo; est\u00e1 Bernabea que se quedar\u00e1 en todas las versiones\u2026<\/p>\n<p>&nbsp;<\/p>\n<p>&nbsp;<\/p>\n","protected":false},"excerpt":{"rendered":"<p>CAP\u00cdTULO 262 \u00a0 PERALEJO DE LA SAGRA \u00a0 &nbsp; &nbsp; &nbsp; Obra conseguida gracias a La Fundaci\u00f3n Mediterr\u00e1neo. La Llum (48). Ser\u00eda su obra n\u00famero 141 en solitario. Etapa Rural, Etapa de Cr\u00edtica Social y Etapa Feminista. Es un boceto. &nbsp; Tambi\u00e9n baraja otros nombres como Navaluenga, pueblo de \u00c1vila que sali\u00f3 en la obra&#8230; <\/p>\n<div class=\"read-more navbutton\"><a href=\"http:\/\/www.arniches.com\/index.php\/2024\/10\/06\/obra-numero-262-peralejo-de-la-sagra\/\">Leer m\u00e1s<i class=\"fa fa-angle-double-right\"><\/i><\/a><\/div>\n","protected":false},"author":1,"featured_media":0,"comment_status":"open","ping_status":"closed","sticky":false,"template":"","format":"standard","meta":{"footnotes":""},"categories":[497,347,133,110],"tags":[548],"class_list":["post-5168","post","type-post","status-publish","format-standard","hentry","category-arniches-inedito","category-etapa-de-critica-social","category-etapa-feminista","category-etapa-rural","tag-peralejo-de-la-sagra"],"_links":{"self":[{"href":"http:\/\/www.arniches.com\/index.php\/wp-json\/wp\/v2\/posts\/5168","targetHints":{"allow":["GET"]}}],"collection":[{"href":"http:\/\/www.arniches.com\/index.php\/wp-json\/wp\/v2\/posts"}],"about":[{"href":"http:\/\/www.arniches.com\/index.php\/wp-json\/wp\/v2\/types\/post"}],"author":[{"embeddable":true,"href":"http:\/\/www.arniches.com\/index.php\/wp-json\/wp\/v2\/users\/1"}],"replies":[{"embeddable":true,"href":"http:\/\/www.arniches.com\/index.php\/wp-json\/wp\/v2\/comments?post=5168"}],"version-history":[{"count":1,"href":"http:\/\/www.arniches.com\/index.php\/wp-json\/wp\/v2\/posts\/5168\/revisions"}],"predecessor-version":[{"id":5170,"href":"http:\/\/www.arniches.com\/index.php\/wp-json\/wp\/v2\/posts\/5168\/revisions\/5170"}],"wp:attachment":[{"href":"http:\/\/www.arniches.com\/index.php\/wp-json\/wp\/v2\/media?parent=5168"}],"wp:term":[{"taxonomy":"category","embeddable":true,"href":"http:\/\/www.arniches.com\/index.php\/wp-json\/wp\/v2\/categories?post=5168"},{"taxonomy":"post_tag","embeddable":true,"href":"http:\/\/www.arniches.com\/index.php\/wp-json\/wp\/v2\/tags?post=5168"}],"curies":[{"name":"wp","href":"https:\/\/api.w.org\/{rel}","templated":true}]}}