{"id":5191,"date":"2024-10-25T10:16:36","date_gmt":"2024-10-25T10:16:36","guid":{"rendered":"http:\/\/www.arniches.com\/?p=5191"},"modified":"2024-11-02T14:57:36","modified_gmt":"2024-11-02T14:57:36","slug":"el-cartel","status":"publish","type":"post","link":"http:\/\/www.arniches.com\/index.php\/2024\/10\/25\/el-cartel\/","title":{"rendered":"El cartel"},"content":{"rendered":"<p style=\"text-align: center;\"><img loading=\"lazy\" decoding=\"async\" class=\"alignnone size-medium wp-image-5197\" src=\"http:\/\/www.arniches.com\/wp-content\/uploads\/2024\/10\/ARNICHES-EL-MAESTRO-DE-LA-ZARZUELA-2-217x300.jpg\" alt=\"\" width=\"217\" height=\"300\" srcset=\"http:\/\/www.arniches.com\/wp-content\/uploads\/2024\/10\/ARNICHES-EL-MAESTRO-DE-LA-ZARZUELA-2-217x300.jpg 217w, http:\/\/www.arniches.com\/wp-content\/uploads\/2024\/10\/ARNICHES-EL-MAESTRO-DE-LA-ZARZUELA-2-739x1024.jpg 739w, http:\/\/www.arniches.com\/wp-content\/uploads\/2024\/10\/ARNICHES-EL-MAESTRO-DE-LA-ZARZUELA-2-768x1064.jpg 768w, http:\/\/www.arniches.com\/wp-content\/uploads\/2024\/10\/ARNICHES-EL-MAESTRO-DE-LA-ZARZUELA-2-1109x1536.jpg 1109w, http:\/\/www.arniches.com\/wp-content\/uploads\/2024\/10\/ARNICHES-EL-MAESTRO-DE-LA-ZARZUELA-2.jpg 1478w\" sizes=\"auto, (max-width: 217px) 100vw, 217px\" \/><\/p>\n<p>Ya tenemos el cartel del gran homenaje que en este a\u00f1o 2024 se le va a rendir a Carlos Arniches en su Alicante natal.<\/p>\n<p>Ser\u00e1 en diciembre, el d\u00eda 28, a las 20h, en el ADDA, paseo Campoamor, 4, 03010, Alicante.<\/p>\n<p>De esta manera, a trav\u00e9s de una trama teatral, escucharemos las m\u00e1s maravillosas romanzas que acompa\u00f1aron a sus \u00e9xitos en la Zarzuela. Escucharemos la m\u00fasica que escuchaba Arniches, la que le hac\u00eda inspirarse y dar vida a sus \u00abpersonajes\u00bb para que subieran al escenario a contarnos sus vidas, sus problemas, y a que pusieran, por voz de Arniches, soluci\u00f3n a tanto conflicto como los que les asediaban. Desde el Arniches m\u00e1s joven, acompa\u00f1ado por el m\u00e1s grande Ruperto Chap\u00ed, llegaremos hasta el Arniches m\u00e1s maduro en su \u00faltima zarzuela, con m\u00fasica del inolvidable maestro Guridi. Ser\u00e1 una noche para no olvidar jam\u00e1s. Dejaremos que las emociones nos atrapen y nos transporten a su tiempo y a su m\u00fasica. Gracias Octavio por esta iniciativa, y gracias a la Diputaci\u00f3n de Alicante y al ADDA por facilitar los recursos econ\u00f3micos y los medios para que esto se lleve a cabo. Don Carlos se lo merec\u00eda. Alicante se merec\u00eda recordar su figura y su m\u00fasica. M\u00e1s adelante pelearemos para que tambi\u00e9n se recupere su teatro, el teatro de la Tragedia Grotesca que lo hizo inmortal.<\/p>\n","protected":false},"excerpt":{"rendered":"<p>Ya tenemos el cartel del gran homenaje que en este a\u00f1o 2024 se le va a rendir a Carlos Arniches en su Alicante natal. Ser\u00e1 en diciembre, el d\u00eda 28, a las 20h, en el ADDA, paseo Campoamor, 4, 03010, Alicante. De esta manera, a trav\u00e9s de una trama teatral, escucharemos las m\u00e1s maravillosas romanzas&#8230; <\/p>\n<div class=\"read-more navbutton\"><a href=\"http:\/\/www.arniches.com\/index.php\/2024\/10\/25\/el-cartel\/\">Leer m\u00e1s<i class=\"fa fa-angle-double-right\"><\/i><\/a><\/div>\n","protected":false},"author":1,"featured_media":0,"comment_status":"open","ping_status":"closed","sticky":false,"template":"","format":"standard","meta":{"footnotes":""},"categories":[243],"tags":[552],"class_list":["post-5191","post","type-post","status-publish","format-standard","hentry","category-arniches-hoy-en-dia","tag-celebracion-en-diciembre-2024"],"_links":{"self":[{"href":"http:\/\/www.arniches.com\/index.php\/wp-json\/wp\/v2\/posts\/5191","targetHints":{"allow":["GET"]}}],"collection":[{"href":"http:\/\/www.arniches.com\/index.php\/wp-json\/wp\/v2\/posts"}],"about":[{"href":"http:\/\/www.arniches.com\/index.php\/wp-json\/wp\/v2\/types\/post"}],"author":[{"embeddable":true,"href":"http:\/\/www.arniches.com\/index.php\/wp-json\/wp\/v2\/users\/1"}],"replies":[{"embeddable":true,"href":"http:\/\/www.arniches.com\/index.php\/wp-json\/wp\/v2\/comments?post=5191"}],"version-history":[{"count":4,"href":"http:\/\/www.arniches.com\/index.php\/wp-json\/wp\/v2\/posts\/5191\/revisions"}],"predecessor-version":[{"id":5198,"href":"http:\/\/www.arniches.com\/index.php\/wp-json\/wp\/v2\/posts\/5191\/revisions\/5198"}],"wp:attachment":[{"href":"http:\/\/www.arniches.com\/index.php\/wp-json\/wp\/v2\/media?parent=5191"}],"wp:term":[{"taxonomy":"category","embeddable":true,"href":"http:\/\/www.arniches.com\/index.php\/wp-json\/wp\/v2\/categories?post=5191"},{"taxonomy":"post_tag","embeddable":true,"href":"http:\/\/www.arniches.com\/index.php\/wp-json\/wp\/v2\/tags?post=5191"}],"curies":[{"name":"wp","href":"https:\/\/api.w.org\/{rel}","templated":true}]}}