{"id":5298,"date":"2024-12-30T08:32:39","date_gmt":"2024-12-30T08:32:39","guid":{"rendered":"http:\/\/www.arniches.com\/?p=5298"},"modified":"2024-12-30T08:58:30","modified_gmt":"2024-12-30T08:58:30","slug":"el-concierto-de-arniches-el-concierto-de-octavio-j-peidro","status":"publish","type":"post","link":"http:\/\/www.arniches.com\/index.php\/2024\/12\/30\/el-concierto-de-arniches-el-concierto-de-octavio-j-peidro\/","title":{"rendered":"EL CONCIERTO DE ARNICHES. EL CONCIERTO DE OCTAVIO J. PEIDR\u00d3"},"content":{"rendered":"<p style=\"text-align: center;\"><strong>EL CONCIERTO DE ARNICHES. EL CONCIERTO DE OCTAVIO J. PEIDR\u00d3<\/strong><\/p>\n<p><img loading=\"lazy\" decoding=\"async\" class=\"alignnone wp-image-5299 aligncenter\" src=\"http:\/\/www.arniches.com\/wp-content\/uploads\/2024\/12\/el-concierto-02-300x225.jpg\" alt=\"\" width=\"437\" height=\"328\" srcset=\"http:\/\/www.arniches.com\/wp-content\/uploads\/2024\/12\/el-concierto-02-300x225.jpg 300w, http:\/\/www.arniches.com\/wp-content\/uploads\/2024\/12\/el-concierto-02-1024x768.jpg 1024w, http:\/\/www.arniches.com\/wp-content\/uploads\/2024\/12\/el-concierto-02-768x576.jpg 768w, http:\/\/www.arniches.com\/wp-content\/uploads\/2024\/12\/el-concierto-02-1536x1152.jpg 1536w, http:\/\/www.arniches.com\/wp-content\/uploads\/2024\/12\/el-concierto-02-160x120.jpg 160w, http:\/\/www.arniches.com\/wp-content\/uploads\/2024\/12\/el-concierto-02.jpg 1600w\" sizes=\"auto, (max-width: 437px) 100vw, 437px\" \/><\/p>\n<p>En la foto aparecen de izquierda a derecha: Morgan Blasco (actor), Jos\u00e9 T\u00e9llez (actor), Diego Juan 8actor), Isabel Puig (directora del Orfe\u00f3n Crevillentino), Jos\u00e9 Manuel Delicado (tenor), Bego\u00f1a Ten\u00e9s (producci\u00f3n ejecutiva), Francisco Mart\u00ednez Olcina (escenograf\u00eda y atrezzo), Octavio J. Peidr\u00f3 (director), Lucas Espinosa (Soprano y actriz) y Manuel de Diego (tenor). Detr\u00e1s vemos a la Orquesta Sinf\u00f3nica Teatro Castelar de Elda y al Orfe\u00f3n Crevillentino.<\/p>\n<p>Un auditorio puesto en pie, ovaciona a los m\u00e1s de 100 artistas que acababan de dar vida al homenaje en el 81 aniversario del fallecimiento del autor con el t\u00edtulo: CARLOS ARNICHES: EL MAESTRO DE LA ZARZUELA.<\/p>\n<p><img loading=\"lazy\" decoding=\"async\" class=\"size-medium wp-image-5300 aligncenter\" src=\"http:\/\/www.arniches.com\/wp-content\/uploads\/2024\/12\/ORFEON-CREVILLENTINO-300x77.jpg\" alt=\"\" width=\"300\" height=\"77\" srcset=\"http:\/\/www.arniches.com\/wp-content\/uploads\/2024\/12\/ORFEON-CREVILLENTINO-300x77.jpg 300w, http:\/\/www.arniches.com\/wp-content\/uploads\/2024\/12\/ORFEON-CREVILLENTINO-768x198.jpg 768w, http:\/\/www.arniches.com\/wp-content\/uploads\/2024\/12\/ORFEON-CREVILLENTINO.jpg 876w\" sizes=\"auto, (max-width: 300px) 100vw, 300px\" \/><\/p>\n<p style=\"text-align: center;\">El Orfe\u00f3n Crevillentino con su directora Isabel Puig<\/p>\n<p><img loading=\"lazy\" decoding=\"async\" class=\"size-medium wp-image-5301 aligncenter\" src=\"http:\/\/www.arniches.com\/wp-content\/uploads\/2024\/12\/orquesta-300x195.png\" alt=\"\" width=\"300\" height=\"195\" srcset=\"http:\/\/www.arniches.com\/wp-content\/uploads\/2024\/12\/orquesta-300x195.png 300w, http:\/\/www.arniches.com\/wp-content\/uploads\/2024\/12\/orquesta.png 562w\" sizes=\"auto, (max-width: 300px) 100vw, 300px\" \/><\/p>\n<p style=\"text-align: center;\">La Orquesta Sinf\u00f3nica Teatro Castelar de Elda dirigida por el inimitable Octavio J. Peidr\u00f3.<\/p>\n<p><img loading=\"lazy\" decoding=\"async\" class=\"alignnone size-medium wp-image-5302 aligncenter\" src=\"http:\/\/www.arniches.com\/wp-content\/uploads\/2024\/12\/el-concierto-01-300x225.jpg\" alt=\"\" width=\"300\" height=\"225\" srcset=\"http:\/\/www.arniches.com\/wp-content\/uploads\/2024\/12\/el-concierto-01-300x225.jpg 300w, http:\/\/www.arniches.com\/wp-content\/uploads\/2024\/12\/el-concierto-01-1024x768.jpg 1024w, http:\/\/www.arniches.com\/wp-content\/uploads\/2024\/12\/el-concierto-01-768x576.jpg 768w, http:\/\/www.arniches.com\/wp-content\/uploads\/2024\/12\/el-concierto-01-1536x1152.jpg 1536w, http:\/\/www.arniches.com\/wp-content\/uploads\/2024\/12\/el-concierto-01-160x120.jpg 160w, http:\/\/www.arniches.com\/wp-content\/uploads\/2024\/12\/el-concierto-01.jpg 2000w\" sizes=\"auto, (max-width: 300px) 100vw, 300px\" \/><\/p>\n<p>El elenco de actores, cantantes y directores de escena, de atrezzo, de producci\u00f3n, junto con el Grupo de plectro, t\u00e9cnicos audiovisuales e iluminaci\u00f3n, t\u00e9cnicos de sonido, dise\u00f1o de vestuario, edici\u00f3n de partituras del Archivo de la SGAE y el pianista repertorista, Shlomo Rodr\u00edguez, consiguieron dar vida, en una noche m\u00e1gica, a la m\u00fasica que hizo famoso a Arniches, a la m\u00fasica de los mejores compositores de la \u00e9poca que, por supuesto, no merecen quedar en el olvido porque, como todo el mundo comprende, las grandes composiciones deben ser escuchadas por las nuevas generaciones. No tenemos disculpa alguna. Hay que conocer a nuestros maestros para traerlos a nuestros d\u00edas y seguir disfrutando y \u00abaprendiendo\u00bb de aquellas maravillosas \u00abhabilidades\u00bb e inspiraciones imperecederas e inmortales.<\/p>\n<p>Desde Chap\u00ed hasta Guridi, pasando por Torregrosa, Calleja, Alonso, Chueca, Serrano, Fern\u00e1ndez-Caballero, Vives, Quislant y Valverde; desde el teatro de Arniches en el que denunciaba las malas artes de la pol\u00edtica, los problemas de la mujer, el machismo, los malos tratos, los abandonos de los ni\u00f1os, las madres solteras y todas las injusticias de su \u00e9poca; desde ese recuerdo, ayer estuvimos un poco m\u00e1s cerca de todos ellos y, con respeto y sin rubor, pudimos decirles que les ten\u00edamos en nuestro coraz\u00f3n, que les record\u00e1bamos por sus escritos y que les admir\u00e1bamos por su m\u00fasica, que nunca quedar\u00e1n en el olvido ni en la desmemoria.<\/p>\n<p>Bajo la direcci\u00f3n de un Octavio J. Peidr\u00f3, en el momento m\u00e1s brillante de su carrera, actuaron con maestr\u00eda:<\/p>\n<p>Morgan Blasco, como Manuel de la Fuente, Empresario de Teatro.<\/p>\n<p>Diego Juan, como Francisco Maderuelo, autor y director del homenaje a Carlos Arniches en 1943.<\/p>\n<p>Luca Espinosa, como Puri Txintxurreta, secretaria de don Manuel de la Fuente; Soprano L\u00edrica en la obra.<\/p>\n<p>Jos\u00e9 T\u00e9llez, como Carlos Arniches en la ficci\u00f3n de 1943.<\/p>\n<p>El mencionado Orfe\u00f3n Crevillentino.<\/p>\n<p>La espectacular Orquesta Sinf\u00f3nica Teatro Castelar de Elda.<\/p>\n<p>Luca Espinosa como soprano.<\/p>\n<p>Manuel de Diego como tenor.<\/p>\n<p>Jos\u00e9 Manuel Delicado como tenor.<\/p>\n","protected":false},"excerpt":{"rendered":"<p>EL CONCIERTO DE ARNICHES. EL CONCIERTO DE OCTAVIO J. PEIDR\u00d3 En la foto aparecen de izquierda a derecha: Morgan Blasco (actor), Jos\u00e9 T\u00e9llez (actor), Diego Juan 8actor), Isabel Puig (directora del Orfe\u00f3n Crevillentino), Jos\u00e9 Manuel Delicado (tenor), Bego\u00f1a Ten\u00e9s (producci\u00f3n ejecutiva), Francisco Mart\u00ednez Olcina (escenograf\u00eda y atrezzo), Octavio J. Peidr\u00f3 (director), Lucas Espinosa (Soprano y&#8230; <\/p>\n<div class=\"read-more navbutton\"><a href=\"http:\/\/www.arniches.com\/index.php\/2024\/12\/30\/el-concierto-de-arniches-el-concierto-de-octavio-j-peidro\/\">Leer m\u00e1s<i class=\"fa fa-angle-double-right\"><\/i><\/a><\/div>\n","protected":false},"author":1,"featured_media":0,"comment_status":"open","ping_status":"closed","sticky":false,"template":"","format":"standard","meta":{"footnotes":""},"categories":[243],"tags":[560],"class_list":["post-5298","post","type-post","status-publish","format-standard","hentry","category-arniches-hoy-en-dia","tag-el-concierto-de-arniches"],"_links":{"self":[{"href":"http:\/\/www.arniches.com\/index.php\/wp-json\/wp\/v2\/posts\/5298","targetHints":{"allow":["GET"]}}],"collection":[{"href":"http:\/\/www.arniches.com\/index.php\/wp-json\/wp\/v2\/posts"}],"about":[{"href":"http:\/\/www.arniches.com\/index.php\/wp-json\/wp\/v2\/types\/post"}],"author":[{"embeddable":true,"href":"http:\/\/www.arniches.com\/index.php\/wp-json\/wp\/v2\/users\/1"}],"replies":[{"embeddable":true,"href":"http:\/\/www.arniches.com\/index.php\/wp-json\/wp\/v2\/comments?post=5298"}],"version-history":[{"count":4,"href":"http:\/\/www.arniches.com\/index.php\/wp-json\/wp\/v2\/posts\/5298\/revisions"}],"predecessor-version":[{"id":5308,"href":"http:\/\/www.arniches.com\/index.php\/wp-json\/wp\/v2\/posts\/5298\/revisions\/5308"}],"wp:attachment":[{"href":"http:\/\/www.arniches.com\/index.php\/wp-json\/wp\/v2\/media?parent=5298"}],"wp:term":[{"taxonomy":"category","embeddable":true,"href":"http:\/\/www.arniches.com\/index.php\/wp-json\/wp\/v2\/categories?post=5298"},{"taxonomy":"post_tag","embeddable":true,"href":"http:\/\/www.arniches.com\/index.php\/wp-json\/wp\/v2\/tags?post=5298"}],"curies":[{"name":"wp","href":"https:\/\/api.w.org\/{rel}","templated":true}]}}