{"id":5394,"date":"2025-04-03T10:15:31","date_gmt":"2025-04-03T10:15:31","guid":{"rendered":"http:\/\/www.arniches.com\/?p=5394"},"modified":"2025-04-03T10:15:31","modified_gmt":"2025-04-03T10:15:31","slug":"arniches-y-la-mar-presentacion","status":"publish","type":"post","link":"http:\/\/www.arniches.com\/index.php\/2025\/04\/03\/arniches-y-la-mar-presentacion\/","title":{"rendered":"ARNICHES Y LA MAR. PRESENTACI\u00d3N"},"content":{"rendered":"<p><img loading=\"lazy\" decoding=\"async\" class=\"alignnone  wp-image-5395 aligncenter\" src=\"http:\/\/www.arniches.com\/wp-content\/uploads\/2025\/04\/portada-300x175.jpg\" alt=\"\" width=\"369\" height=\"215\" srcset=\"http:\/\/www.arniches.com\/wp-content\/uploads\/2025\/04\/portada-300x175.jpg 300w, http:\/\/www.arniches.com\/wp-content\/uploads\/2025\/04\/portada-1024x596.jpg 1024w, http:\/\/www.arniches.com\/wp-content\/uploads\/2025\/04\/portada-768x447.jpg 768w, http:\/\/www.arniches.com\/wp-content\/uploads\/2025\/04\/portada-1536x895.jpg 1536w, http:\/\/www.arniches.com\/wp-content\/uploads\/2025\/04\/portada.jpg 1600w\" sizes=\"auto, (max-width: 369px) 100vw, 369px\" \/><\/p>\n<p>La web del Itsasmuesum Bilbao, el museo mar\u00edtimo de Bilbao, se ha hecho eco de la presentaci\u00f3n del libro: CARLOS ARNICHES Y LA MAR. Una atracci\u00f3n irresistible.<\/p>\n<p>Nos vemos el viernes d\u00eda 4 a las 18h en el museo y podremos conocer un poco m\u00e1s una parte oculta de la vida de Carlos Arniches: su amor al pa\u00eds de los vascos y a su mar.<\/p>\n<p>&nbsp;<\/p>\n","protected":false},"excerpt":{"rendered":"<p>La web del Itsasmuesum Bilbao, el museo mar\u00edtimo de Bilbao, se ha hecho eco de la presentaci\u00f3n del libro: CARLOS ARNICHES Y LA MAR. Una atracci\u00f3n irresistible. Nos vemos el viernes d\u00eda 4 a las 18h en el museo y podremos conocer un poco m\u00e1s una parte oculta de la vida de Carlos Arniches: su&#8230; <\/p>\n<div class=\"read-more navbutton\"><a href=\"http:\/\/www.arniches.com\/index.php\/2025\/04\/03\/arniches-y-la-mar-presentacion\/\">Leer m\u00e1s<i class=\"fa fa-angle-double-right\"><\/i><\/a><\/div>\n","protected":false},"author":1,"featured_media":0,"comment_status":"open","ping_status":"closed","sticky":false,"template":"","format":"standard","meta":{"footnotes":""},"categories":[243],"tags":[557],"class_list":["post-5394","post","type-post","status-publish","format-standard","hentry","category-arniches-hoy-en-dia","tag-carlos-arniches-y-la-mar"],"_links":{"self":[{"href":"http:\/\/www.arniches.com\/index.php\/wp-json\/wp\/v2\/posts\/5394","targetHints":{"allow":["GET"]}}],"collection":[{"href":"http:\/\/www.arniches.com\/index.php\/wp-json\/wp\/v2\/posts"}],"about":[{"href":"http:\/\/www.arniches.com\/index.php\/wp-json\/wp\/v2\/types\/post"}],"author":[{"embeddable":true,"href":"http:\/\/www.arniches.com\/index.php\/wp-json\/wp\/v2\/users\/1"}],"replies":[{"embeddable":true,"href":"http:\/\/www.arniches.com\/index.php\/wp-json\/wp\/v2\/comments?post=5394"}],"version-history":[{"count":1,"href":"http:\/\/www.arniches.com\/index.php\/wp-json\/wp\/v2\/posts\/5394\/revisions"}],"predecessor-version":[{"id":5396,"href":"http:\/\/www.arniches.com\/index.php\/wp-json\/wp\/v2\/posts\/5394\/revisions\/5396"}],"wp:attachment":[{"href":"http:\/\/www.arniches.com\/index.php\/wp-json\/wp\/v2\/media?parent=5394"}],"wp:term":[{"taxonomy":"category","embeddable":true,"href":"http:\/\/www.arniches.com\/index.php\/wp-json\/wp\/v2\/categories?post=5394"},{"taxonomy":"post_tag","embeddable":true,"href":"http:\/\/www.arniches.com\/index.php\/wp-json\/wp\/v2\/tags?post=5394"}],"curies":[{"name":"wp","href":"https:\/\/api.w.org\/{rel}","templated":true}]}}