{"id":5554,"date":"2026-02-23T15:09:15","date_gmt":"2026-02-23T15:09:15","guid":{"rendered":"http:\/\/www.arniches.com\/?p=5554"},"modified":"2026-02-23T15:09:15","modified_gmt":"2026-02-23T15:09:15","slug":"carlos-arniches-su-filosofia-de-vida-10","status":"publish","type":"post","link":"http:\/\/www.arniches.com\/index.php\/2026\/02\/23\/carlos-arniches-su-filosofia-de-vida-10\/","title":{"rendered":"Carlos Arniches, su filosof\u00eda de vida (10)"},"content":{"rendered":"<p>Terminamos la filosof\u00eda de Carlos Arniches con dos apuntes sobre la reinserci\u00f3n de los ladrones y sobre la sociedad del futuro:<\/p>\n<blockquote class=\"tiktok-embed\" cite=\"https:\/\/www.tiktok.com\/@senkirol\/video\/7610067004107590934\" data-video-id=\"7610067004107590934\" data-embed-from=\"oembed\" style=\"max-width:605px; min-width:325px;\">\n<section> <a target=\"_blank\" title=\"@senkirol\" href=\"https:\/\/www.tiktok.com\/@senkirol?refer=embed\">@senkirol<\/a> <\/p>\n<p>Hoy leemos la opini\u00f3n de Carlos Arniches sobre la reinserci\u00f3n y sobre la sociedad del futuro.<\/p>\n<p> <a target=\"_blank\" title=\"\u266c sonido original - senkirol\" href=\"https:\/\/www.tiktok.com\/music\/sonido-original-7610067006801038102?refer=embed\">\u266c sonido original &#8211; senkirol<\/a> <\/section>\n<\/blockquote>\n<p> <script async src=\"https:\/\/www.tiktok.com\/embed.js\"><\/script><\/p>\n","protected":false},"excerpt":{"rendered":"<p>Terminamos la filosof\u00eda de Carlos Arniches con dos apuntes sobre la reinserci\u00f3n de los ladrones y sobre la sociedad del futuro: @senkirol Hoy leemos la opini\u00f3n de Carlos Arniches sobre la reinserci\u00f3n y sobre la sociedad del futuro. \u266c sonido original &#8211; senkirol<\/p>\n","protected":false},"author":1,"featured_media":0,"comment_status":"open","ping_status":"closed","sticky":false,"template":"","format":"standard","meta":{"footnotes":""},"categories":[243],"tags":[580],"class_list":["post-5554","post","type-post","status-publish","format-standard","hentry","category-arniches-hoy-en-dia","tag-carlos-arniches-filosofia-de-vida"],"_links":{"self":[{"href":"http:\/\/www.arniches.com\/index.php\/wp-json\/wp\/v2\/posts\/5554","targetHints":{"allow":["GET"]}}],"collection":[{"href":"http:\/\/www.arniches.com\/index.php\/wp-json\/wp\/v2\/posts"}],"about":[{"href":"http:\/\/www.arniches.com\/index.php\/wp-json\/wp\/v2\/types\/post"}],"author":[{"embeddable":true,"href":"http:\/\/www.arniches.com\/index.php\/wp-json\/wp\/v2\/users\/1"}],"replies":[{"embeddable":true,"href":"http:\/\/www.arniches.com\/index.php\/wp-json\/wp\/v2\/comments?post=5554"}],"version-history":[{"count":1,"href":"http:\/\/www.arniches.com\/index.php\/wp-json\/wp\/v2\/posts\/5554\/revisions"}],"predecessor-version":[{"id":5555,"href":"http:\/\/www.arniches.com\/index.php\/wp-json\/wp\/v2\/posts\/5554\/revisions\/5555"}],"wp:attachment":[{"href":"http:\/\/www.arniches.com\/index.php\/wp-json\/wp\/v2\/media?parent=5554"}],"wp:term":[{"taxonomy":"category","embeddable":true,"href":"http:\/\/www.arniches.com\/index.php\/wp-json\/wp\/v2\/categories?post=5554"},{"taxonomy":"post_tag","embeddable":true,"href":"http:\/\/www.arniches.com\/index.php\/wp-json\/wp\/v2\/tags?post=5554"}],"curies":[{"name":"wp","href":"https:\/\/api.w.org\/{rel}","templated":true}]}}