{"id":5556,"date":"2026-02-24T20:03:42","date_gmt":"2026-02-24T20:03:42","guid":{"rendered":"http:\/\/www.arniches.com\/?p=5556"},"modified":"2026-02-24T20:03:42","modified_gmt":"2026-02-24T20:03:42","slug":"carlos-arniches-y-la-mujer-01","status":"publish","type":"post","link":"http:\/\/www.arniches.com\/index.php\/2026\/02\/24\/carlos-arniches-y-la-mujer-01\/","title":{"rendered":"Carlos Arniches y la mujer (01)"},"content":{"rendered":"<p>Hoy comenzamos un nuevo cap\u00edtulo: La mujer. Es algo que Carlos Arniches no puede abandonar desde el primer art\u00edculo que hemos encontrado y que public\u00f3 con 20 a\u00f1os, hasta el final de sus d\u00edas. Os dejo el v\u00eddeo:<\/p>\n<blockquote class=\"tiktok-embed\" cite=\"https:\/\/www.tiktok.com\/@senkirol\/video\/7610416771308195094\" data-video-id=\"7610416771308195094\" data-embed-from=\"oembed\" style=\"max-width:605px; min-width:325px;\">\n<section> <a target=\"_blank\" title=\"@senkirol\" href=\"https:\/\/www.tiktok.com\/@senkirol?refer=embed\">@senkirol<\/a> <\/p>\n<p>Carlos Arniches y la mujer<\/p>\n<p> <a target=\"_blank\" title=\"\u266c sonido original - senkirol\" href=\"https:\/\/www.tiktok.com\/music\/sonido-original-7610416800366398230?refer=embed\">\u266c sonido original &#8211; senkirol<\/a> <\/section>\n<\/blockquote>\n<p> <script async src=\"https:\/\/www.tiktok.com\/embed.js\"><\/script><\/p>\n","protected":false},"excerpt":{"rendered":"<p>Hoy comenzamos un nuevo cap\u00edtulo: La mujer. Es algo que Carlos Arniches no puede abandonar desde el primer art\u00edculo que hemos encontrado y que public\u00f3 con 20 a\u00f1os, hasta el final de sus d\u00edas. Os dejo el v\u00eddeo: @senkirol Carlos Arniches y la mujer \u266c sonido original &#8211; senkirol<\/p>\n","protected":false},"author":1,"featured_media":0,"comment_status":"open","ping_status":"closed","sticky":false,"template":"","format":"standard","meta":{"footnotes":""},"categories":[243,134],"tags":[581],"class_list":["post-5556","post","type-post","status-publish","format-standard","hentry","category-arniches-hoy-en-dia","category-arniches-y-el-feminismo","tag-carlos-arniches-y-la-mujer"],"_links":{"self":[{"href":"http:\/\/www.arniches.com\/index.php\/wp-json\/wp\/v2\/posts\/5556","targetHints":{"allow":["GET"]}}],"collection":[{"href":"http:\/\/www.arniches.com\/index.php\/wp-json\/wp\/v2\/posts"}],"about":[{"href":"http:\/\/www.arniches.com\/index.php\/wp-json\/wp\/v2\/types\/post"}],"author":[{"embeddable":true,"href":"http:\/\/www.arniches.com\/index.php\/wp-json\/wp\/v2\/users\/1"}],"replies":[{"embeddable":true,"href":"http:\/\/www.arniches.com\/index.php\/wp-json\/wp\/v2\/comments?post=5556"}],"version-history":[{"count":1,"href":"http:\/\/www.arniches.com\/index.php\/wp-json\/wp\/v2\/posts\/5556\/revisions"}],"predecessor-version":[{"id":5557,"href":"http:\/\/www.arniches.com\/index.php\/wp-json\/wp\/v2\/posts\/5556\/revisions\/5557"}],"wp:attachment":[{"href":"http:\/\/www.arniches.com\/index.php\/wp-json\/wp\/v2\/media?parent=5556"}],"wp:term":[{"taxonomy":"category","embeddable":true,"href":"http:\/\/www.arniches.com\/index.php\/wp-json\/wp\/v2\/categories?post=5556"},{"taxonomy":"post_tag","embeddable":true,"href":"http:\/\/www.arniches.com\/index.php\/wp-json\/wp\/v2\/tags?post=5556"}],"curies":[{"name":"wp","href":"https:\/\/api.w.org\/{rel}","templated":true}]}}