{"id":5575,"date":"2026-03-11T20:25:18","date_gmt":"2026-03-11T20:25:18","guid":{"rendered":"http:\/\/www.arniches.com\/?p=5575"},"modified":"2026-03-11T20:25:18","modified_gmt":"2026-03-11T20:25:18","slug":"carlos-arniches-y-el-trabajo-02","status":"publish","type":"post","link":"http:\/\/www.arniches.com\/index.php\/2026\/03\/11\/carlos-arniches-y-el-trabajo-02\/","title":{"rendered":"Carlos Arniches y el trabajo (02)"},"content":{"rendered":"<p>En la relaci\u00f3n que tuvo Carlos Arniches y el trabajo destacamos tres aspectos: c\u00f3mo consideraba \u00e9l que deb\u00eda afrontarse el trabajo; la importancia del mismo; y la importancia del trabajo en el campo.<\/p>\n<blockquote class=\"tiktok-embed\" cite=\"https:\/\/www.tiktok.com\/@senkirol\/video\/7615986955381427478\" data-video-id=\"7615986955381427478\" data-embed-from=\"oembed\" style=\"max-width:605px; min-width:325px;\">\n<section> <a target=\"_blank\" title=\"@senkirol\" href=\"https:\/\/www.tiktok.com\/@senkirol?refer=embed\">@senkirol<\/a> <\/p>\n<p>Carlos Arniches y el trabajo <\/p>\n<p> <a target=\"_blank\" title=\"\u266c sonido original - senkirol\" href=\"https:\/\/www.tiktok.com\/music\/sonido-original-7615986978651196163?refer=embed\">\u266c sonido original &#8211; senkirol<\/a> <\/section>\n<\/blockquote>\n<p> <script async src=\"https:\/\/www.tiktok.com\/embed.js\"><\/script><\/p>\n","protected":false},"excerpt":{"rendered":"<p>En la relaci\u00f3n que tuvo Carlos Arniches y el trabajo destacamos tres aspectos: c\u00f3mo consideraba \u00e9l que deb\u00eda afrontarse el trabajo; la importancia del mismo; y la importancia del trabajo en el campo. @senkirol Carlos Arniches y el trabajo \u266c sonido original &#8211; senkirol<\/p>\n","protected":false},"author":1,"featured_media":0,"comment_status":"open","ping_status":"closed","sticky":false,"template":"","format":"standard","meta":{"footnotes":""},"categories":[243,192],"tags":[582],"class_list":["post-5575","post","type-post","status-publish","format-standard","hentry","category-arniches-hoy-en-dia","category-arniches-y-el-trabajo","tag-carlos-arniches-y-el-trabajo"],"_links":{"self":[{"href":"http:\/\/www.arniches.com\/index.php\/wp-json\/wp\/v2\/posts\/5575","targetHints":{"allow":["GET"]}}],"collection":[{"href":"http:\/\/www.arniches.com\/index.php\/wp-json\/wp\/v2\/posts"}],"about":[{"href":"http:\/\/www.arniches.com\/index.php\/wp-json\/wp\/v2\/types\/post"}],"author":[{"embeddable":true,"href":"http:\/\/www.arniches.com\/index.php\/wp-json\/wp\/v2\/users\/1"}],"replies":[{"embeddable":true,"href":"http:\/\/www.arniches.com\/index.php\/wp-json\/wp\/v2\/comments?post=5575"}],"version-history":[{"count":1,"href":"http:\/\/www.arniches.com\/index.php\/wp-json\/wp\/v2\/posts\/5575\/revisions"}],"predecessor-version":[{"id":5576,"href":"http:\/\/www.arniches.com\/index.php\/wp-json\/wp\/v2\/posts\/5575\/revisions\/5576"}],"wp:attachment":[{"href":"http:\/\/www.arniches.com\/index.php\/wp-json\/wp\/v2\/media?parent=5575"}],"wp:term":[{"taxonomy":"category","embeddable":true,"href":"http:\/\/www.arniches.com\/index.php\/wp-json\/wp\/v2\/categories?post=5575"},{"taxonomy":"post_tag","embeddable":true,"href":"http:\/\/www.arniches.com\/index.php\/wp-json\/wp\/v2\/tags?post=5575"}],"curies":[{"name":"wp","href":"https:\/\/api.w.org\/{rel}","templated":true}]}}