{"id":938,"date":"2019-10-19T16:37:56","date_gmt":"2019-10-19T16:37:56","guid":{"rendered":"http:\/\/www.arniches.com\/?p=938"},"modified":"2019-10-25T05:46:01","modified_gmt":"2019-10-25T05:46:01","slug":"la-boda-de-carlos-y-pilar-1894-calle-genova-27","status":"publish","type":"post","link":"http:\/\/www.arniches.com\/index.php\/2019\/10\/19\/la-boda-de-carlos-y-pilar-1894-calle-genova-27\/","title":{"rendered":"La boda de Carlos y Pilar. 1894. Calle G\u00e9nova 27."},"content":{"rendered":"<p style=\"text-align: center;\"><strong>\u00a0\u00a0\u00a0\u00a0\u00a0\u00a0\u00a0\u00a0\u00a0\u00a0 <\/strong><strong>G\u00c9NOVA \u00a027. LA BODA. 1894\u00a0<\/strong><\/p>\n<p>Hab\u00edamos dejado a Carlos triunfando en los teatros de Madrid y a Pilar trabajando incesantemente en congresos, publicaciones y dando clases tanto en Madrid como en Granada. Ejerc\u00eda de profesora de maestras en lo que se llamaba la Escuela Normal, es decir, que segu\u00eda La Norma. Su situaci\u00f3n, con numerosos viajes a Granada, no hac\u00eda nada f\u00e1cil la vida del futuro matrimonio. Veremos c\u00f3mo la echaba de menos Carlos.<\/p>\n<p>Se casan en la Iglesia de Santa B\u00e1rbara, tambi\u00e9n muy cerca de sus viviendas habituales y se mudan de su casa de B\u00e1rbara de Braganza que se les hab\u00eda quedado peque\u00f1a con tanta gente como eran, a la de G\u00e9nova, 27.<\/p>\n<p>Durante ese a\u00f1o 1894 va a estrenar 3 obras en los meses de marzo <em>Los puritanos<\/em>, en abril <em>El pie izquierdo<\/em> y en junio <em>Las amapolas<\/em>. Despu\u00e9s har\u00edan el traslado y en el mes de Julio, el d\u00eda 12, se casar\u00edan. Tras la boda no tenemos constancia de m\u00e1s estrenos en ese a\u00f1o.<\/p>\n<p style=\"text-align: center;\"><img loading=\"lazy\" decoding=\"async\" class=\"alignnone size-medium wp-image-939\" src=\"http:\/\/www.arniches.com\/wp-content\/uploads\/2019\/10\/pilar-de-novia-187x300.jpg\" alt=\"\" width=\"187\" height=\"300\" srcset=\"http:\/\/www.arniches.com\/wp-content\/uploads\/2019\/10\/pilar-de-novia-187x300.jpg 187w, http:\/\/www.arniches.com\/wp-content\/uploads\/2019\/10\/pilar-de-novia.jpg 314w\" sizes=\"auto, (max-width: 187px) 100vw, 187px\" \/><\/p>\n<p style=\"text-align: center;\">(Ramos\u00a0 Vicente. \u201cVida y Teatro de Carlos Arniches\u201d. Ediciones Alfaguara. Madrid 1.966<\/p>\n<p style=\"text-align: center;\">Pilar Molt\u00f3 y Campo Redondo.)<\/p>\n<p>&nbsp;<\/p>\n<p><img loading=\"lazy\" decoding=\"async\" class=\"size-medium wp-image-940 aligncenter\" src=\"http:\/\/www.arniches.com\/wp-content\/uploads\/2019\/10\/recien-casados-300x189.jpg\" alt=\"\" width=\"300\" height=\"189\" srcset=\"http:\/\/www.arniches.com\/wp-content\/uploads\/2019\/10\/recien-casados-300x189.jpg 300w, http:\/\/www.arniches.com\/wp-content\/uploads\/2019\/10\/recien-casados.jpg 501w\" sizes=\"auto, (max-width: 300px) 100vw, 300px\" \/><\/p>\n<p style=\"text-align: center;\">(Ramos\u00a0 Vicente. \u201cVida y Teatro de Carlos Arniches\u201d. Ediciones Alfaguara. Madrid 1.966.)<\/p>\n<p style=\"text-align: center;\">(El matrimonio Arniches \u2013 Molt\u00f3.)<\/p>\n<p>&nbsp;<\/p>\n<p>En esta casa adem\u00e1s de nacer los cuatro primeros hijos tambi\u00e9n se constata la muerte del padre de Carlos, D. Carlos Arniches Baus, el 11 de octubre de 1897, el d\u00eda de su cumplea\u00f1os. Carlos cumpl\u00eda 31 a\u00f1os.<\/p>\n<p>Durante estos cinco a\u00f1os en esta casa estrenar\u00eda 22 obras, siendo destacadas <em>El santo de la Isidra<\/em>, <em>La fiesta de San Ant\u00f3n<\/em> y la \u00faltima dedicada a sus hijos: <em>La cara de Dios<\/em>, que se estrena el 28 de Noviembre de 1899<\/p>\n<p>Tenemos en nuestro poder unos telegramas estupendos entre Carlos y Pilar, ya que \u00e9sta se encontraba en Granada, en el Hotel Nav\u00edo. \u00c9l le pide que lo deje todo y que vuelva. Lo m\u00e1s interesante es que tanto Carlos como un tal Julio Bravo le dan a Pilar la enhorabuena por el \u00e9xito cosechado con la obra. Veamos los telegramas:<\/p>\n<p style=\"text-align: center;\"><img loading=\"lazy\" decoding=\"async\" class=\"alignnone size-medium wp-image-948\" src=\"http:\/\/www.arniches.com\/wp-content\/uploads\/2019\/10\/doc-n\u00ba-25-300x218.jpg\" alt=\"\" width=\"300\" height=\"218\" srcset=\"http:\/\/www.arniches.com\/wp-content\/uploads\/2019\/10\/doc-n\u00ba-25-300x218.jpg 300w, http:\/\/www.arniches.com\/wp-content\/uploads\/2019\/10\/doc-n\u00ba-25-768x558.jpg 768w, http:\/\/www.arniches.com\/wp-content\/uploads\/2019\/10\/doc-n\u00ba-25-1024x745.jpg 1024w\" sizes=\"auto, (max-width: 300px) 100vw, 300px\" \/><\/p>\n<p style=\"text-align: center;\">(Documento del Archivo Familiar.Doc.N\u00ba28)<\/p>\n<p>&nbsp;<\/p>\n<p>\u201cEstoy mejor del catarro, dice Marga que salga tranquilamente. Carlos\u201d. Parece que la ausencia iba para largo.<\/p>\n<p>&nbsp;<\/p>\n<p>&nbsp;<\/p>\n<p style=\"text-align: center;\"><img loading=\"lazy\" decoding=\"async\" class=\"alignnone size-medium wp-image-949\" src=\"http:\/\/www.arniches.com\/wp-content\/uploads\/2019\/10\/doc-n\u00ba-26-300x149.jpg\" alt=\"\" width=\"300\" height=\"149\" srcset=\"http:\/\/www.arniches.com\/wp-content\/uploads\/2019\/10\/doc-n\u00ba-26-300x149.jpg 300w, http:\/\/www.arniches.com\/wp-content\/uploads\/2019\/10\/doc-n\u00ba-26-768x381.jpg 768w, http:\/\/www.arniches.com\/wp-content\/uploads\/2019\/10\/doc-n\u00ba-26-1024x509.jpg 1024w\" sizes=\"auto, (max-width: 300px) 100vw, 300px\" \/><\/p>\n<p style=\"text-align: center;\">\u00a0\u00a0\u00a0\u00a0\u00a0\u00a0 (Documento del Archivo Familiar. Doc. N\u00ba 29)<\/p>\n<p>&nbsp;<\/p>\n<p>En este le conmina a terminar con la licencia de forma s\u00fabita, que lo finiquite pronto. \u201cCursa solicitud licencia en seguida. Se resolver\u00e1 en casa. Arreglado licencia empieza mejor algunas vacaciones. Si hay dificultad telegraf\u00eda. Todos buenos. Carlos\u201d<\/p>\n<p style=\"text-align: center;\"><img loading=\"lazy\" decoding=\"async\" class=\"alignnone wp-image-950 size-medium\" src=\"http:\/\/www.arniches.com\/wp-content\/uploads\/2019\/10\/arniches-004-e1571502186182-300x146.jpg\" alt=\"\" width=\"300\" height=\"146\" srcset=\"http:\/\/www.arniches.com\/wp-content\/uploads\/2019\/10\/arniches-004-e1571502186182-300x146.jpg 300w, http:\/\/www.arniches.com\/wp-content\/uploads\/2019\/10\/arniches-004-e1571502186182-768x374.jpg 768w, http:\/\/www.arniches.com\/wp-content\/uploads\/2019\/10\/arniches-004-e1571502186182-1024x498.jpg 1024w\" sizes=\"auto, (max-width: 300px) 100vw, 300px\" \/><\/p>\n<p>\u00a0\u00a0\u00a0\u00a0\u00a0\u00a0\u00a0\u00a0\u00a0\u00a0 \u00a0 \u00a0 \u00a0 \u00a0 \u00a0 \u00a0 \u00a0 \u00a0 \u00a0 \u00a0 \u00a0 \u00a0 \u00a0 \u00a0 \u00a0 \u00a0 \u00a0 \u00a0 \u00a0 \u00a0 \u00a0 \u00a0\u00a0 (Documento del Archivo Familiar. Doc. N\u00ba 30)<\/p>\n<p>&nbsp;<\/p>\n<p>\u201cImposible escribir ayer por ensayo. Todos bien. Estreno definitivo obra ma\u00f1ana mi\u00e9rcoles. Carlos\u201d<\/p>\n<p>&nbsp;<\/p>\n<p style=\"text-align: center;\">\u00a0\u00a0\u00a0\u00a0\u00a0\u00a0\u00a0\u00a0\u00a0<img loading=\"lazy\" decoding=\"async\" class=\"size-medium wp-image-944 aligncenter\" src=\"http:\/\/www.arniches.com\/wp-content\/uploads\/2019\/10\/doc-n\u00ba-27-300x147.jpg\" alt=\"\" width=\"300\" height=\"147\" srcset=\"http:\/\/www.arniches.com\/wp-content\/uploads\/2019\/10\/doc-n\u00ba-27-300x147.jpg 300w, http:\/\/www.arniches.com\/wp-content\/uploads\/2019\/10\/doc-n\u00ba-27-768x377.jpg 768w, http:\/\/www.arniches.com\/wp-content\/uploads\/2019\/10\/doc-n\u00ba-27-1024x502.jpg 1024w\" sizes=\"auto, (max-width: 300px) 100vw, 300px\" \/><\/p>\n<p>\u00a0\u00a0\u00a0\u00a0\u00a0\u00a0\u00a0\u00a0\u00a0\u00a0\u00a0\u00a0\u00a0\u00a0\u00a0\u00a0\u00a0\u00a0\u00a0\u00a0 \u00a0 \u00a0 \u00a0 \u00a0 \u00a0 \u00a0 \u00a0 \u00a0 \u00a0 \u00a0 \u00a0 \u00a0\u00a0\u00a0\u00a0\u00a0\u00a0\u00a0\u00a0\u00a0\u00a0\u00a0\u00a0\u00a0\u00a0\u00a0 (Documento del Archivo Familiar.Doc. N\u00ba 31)<\/p>\n<p>&nbsp;<\/p>\n<p>\u201cEstrenar anoche obra \u00e9xito inmenso. El m\u00e1s grande que he tenido en mi vida. Calcula alegr\u00eda. Considero la pena de tu ausencia. Vuelve en seguida. Deja eso. Un beso y enhorabuena. Carlos\u201d<\/p>\n<p>&nbsp;<\/p>\n<p>&nbsp;<\/p>\n<p style=\"text-align: center;\">\u00a0\u00a0<img loading=\"lazy\" decoding=\"async\" class=\"alignnone size-medium wp-image-945\" src=\"http:\/\/www.arniches.com\/wp-content\/uploads\/2019\/10\/doc-n\u00ba-29-1-300x145.jpg\" alt=\"\" width=\"300\" height=\"145\" srcset=\"http:\/\/www.arniches.com\/wp-content\/uploads\/2019\/10\/doc-n\u00ba-29-1-300x145.jpg 300w, http:\/\/www.arniches.com\/wp-content\/uploads\/2019\/10\/doc-n\u00ba-29-1-768x372.jpg 768w, http:\/\/www.arniches.com\/wp-content\/uploads\/2019\/10\/doc-n\u00ba-29-1-1024x496.jpg 1024w\" sizes=\"auto, (max-width: 300px) 100vw, 300px\" \/><\/p>\n<p>&nbsp;<\/p>\n<p style=\"text-align: center;\">(Documento del Archivo Familiar.Doc. N\u00ba 32)<\/p>\n<p>&nbsp;<\/p>\n<p>\u201c\u00c9xito colosal. Enhorabuena en nombre de todos. Julio Bravo\u201d<\/p>\n<p>Hemos encontrado un Julio Bravo arquitecto (1862-1920), pero lo que est\u00e1 claro que siente una necesidad imperiosa de comunicarle a Pilar el \u00e9xito de la obra <em>La cara de Dios<\/em> \u00a0y\u2026 \u00a1darle la enhorabuena!<\/p>\n<p>&nbsp;<\/p>\n<p>&nbsp;<\/p>\n<p style=\"text-align: center;\"><img loading=\"lazy\" decoding=\"async\" class=\"alignnone size-medium wp-image-947\" src=\"http:\/\/www.arniches.com\/wp-content\/uploads\/2019\/10\/doc-n\u00ba-28-1-300x148.jpg\" alt=\"\" width=\"300\" height=\"148\" srcset=\"http:\/\/www.arniches.com\/wp-content\/uploads\/2019\/10\/doc-n\u00ba-28-1-300x148.jpg 300w, http:\/\/www.arniches.com\/wp-content\/uploads\/2019\/10\/doc-n\u00ba-28-1-768x378.jpg 768w, http:\/\/www.arniches.com\/wp-content\/uploads\/2019\/10\/doc-n\u00ba-28-1-1024x503.jpg 1024w\" sizes=\"auto, (max-width: 300px) 100vw, 300px\" \/><\/p>\n<p>\u00a0\u00a0\u00a0\u00a0\u00a0\u00a0\u00a0\u00a0\u00a0\u00a0\u00a0\u00a0\u00a0\u00a0\u00a0\u00a0\u00a0\u00a0\u00a0\u00a0\u00a0\u00a0\u00a0\u00a0\u00a0\u00a0\u00a0\u00a0\u00a0\u00a0\u00a0\u00a0\u00a0\u00a0\u00a0\u00a0\u00a0\u00a0\u00a0\u00a0\u00a0\u00a0\u00a0\u00a0\u00a0\u00a0\u00a0\u00a0\u00a0\u00a0\u00a0\u00a0\u00a0\u00a0\u00a0 (Documento del Archivo Familiar.Doc. N\u00ba 33)<\/p>\n<p>&nbsp;<\/p>\n<p>\u201cEnhorabuena calurosa afectuos\u00edsima. \u00c9xito inmenso insuperable. Opini\u00f3n primera un\u00e1nime. Entusiasta Carlos Fern\u00e1ndez Shaw\u201d.<\/p>\n<p>Ahora sabemos que Carlos Fern\u00e1ndez Shaw fue colaborador de Carlos Arniches en varias de sus obras, inclu\u00edda \u00e9sta.<\/p>\n<p>La fundaci\u00f3n para la memoria de Carlos Fernandez Shaw permite la b\u00fasqueda de los manuscritos de las obras. La cara de Dios presenta unos cantables que yo he podido leer con la letra de Carlos Fern\u00e1ndez Shaw, y que est\u00e1n en la obra de forma exacta.<\/p>\n<p style=\"text-align: center;\"><img loading=\"lazy\" decoding=\"async\" class=\"alignnone size-medium wp-image-962\" src=\"http:\/\/www.arniches.com\/wp-content\/uploads\/2019\/10\/la-cara-de-Dios-01-300x189.png\" alt=\"\" width=\"300\" height=\"189\" srcset=\"http:\/\/www.arniches.com\/wp-content\/uploads\/2019\/10\/la-cara-de-Dios-01-300x189.png 300w, http:\/\/www.arniches.com\/wp-content\/uploads\/2019\/10\/la-cara-de-Dios-01-768x483.png 768w, http:\/\/www.arniches.com\/wp-content\/uploads\/2019\/10\/la-cara-de-Dios-01-1024x644.png 1024w, http:\/\/www.arniches.com\/wp-content\/uploads\/2019\/10\/la-cara-de-Dios-01.png 1174w\" sizes=\"auto, (max-width: 300px) 100vw, 300px\" \/><\/p>\n<p style=\"text-align: center;\">Fern\u00e1ndez Shaw, Carlos. Archivo de Carlos Fern\u00e1ndez Shaw. Madrid: Fundaci\u00f3n Juan March, 2011. [Consulta: (20\/10\/2019)]. Disponible en Web: <a href=\"https:\/\/www.march.es\/bibliotecas\">www.march.es\/bibliotecas<\/a><\/p>\n<p style=\"text-align: center;\"><img loading=\"lazy\" decoding=\"async\" class=\"alignnone size-medium wp-image-963\" src=\"http:\/\/www.arniches.com\/wp-content\/uploads\/2019\/10\/la-cara-de-dios-numeros-musicales-300x282.png\" alt=\"\" width=\"300\" height=\"282\" srcset=\"http:\/\/www.arniches.com\/wp-content\/uploads\/2019\/10\/la-cara-de-dios-numeros-musicales-300x282.png 300w, http:\/\/www.arniches.com\/wp-content\/uploads\/2019\/10\/la-cara-de-dios-numeros-musicales-768x723.png 768w, http:\/\/www.arniches.com\/wp-content\/uploads\/2019\/10\/la-cara-de-dios-numeros-musicales.png 771w\" sizes=\"auto, (max-width: 300px) 100vw, 300px\" \/> <img loading=\"lazy\" decoding=\"async\" class=\"alignnone size-medium wp-image-964\" src=\"http:\/\/www.arniches.com\/wp-content\/uploads\/2019\/10\/la-cara-de-dios-02-300x243.png\" alt=\"\" width=\"300\" height=\"243\" srcset=\"http:\/\/www.arniches.com\/wp-content\/uploads\/2019\/10\/la-cara-de-dios-02-300x243.png 300w, http:\/\/www.arniches.com\/wp-content\/uploads\/2019\/10\/la-cara-de-dios-02-768x622.png 768w, http:\/\/www.arniches.com\/wp-content\/uploads\/2019\/10\/la-cara-de-dios-02.png 909w\" sizes=\"auto, (max-width: 300px) 100vw, 300px\" \/><\/p>\n<p style=\"text-align: center;\">Fern\u00e1ndez Shaw, Carlos. Archivo de Carlos Fern\u00e1ndez Shaw. Madrid: Fundaci\u00f3n Juan March, 2011. [Consulta: (20\/10\/2019)]. Disponible en Web: <a href=\"https:\/\/www.march.es\/bibliotecas\">www.march.es\/bibliotecas<\/a><\/p>\n<p>Si nos fijamos en los cantables de la izquierda, se menciona uno \u00abEse arrapiezo vale por dos\u00bb. Si nos fijamos ahora en el texto manuscrito de Carlos Fern\u00e1ndez Shaw, comienza con la frase: \u00ab- Ah\u00ed va ese arrapiezo\u00bb y en la segunda: \u00bb que vale por dos\u00bb<\/p>\n<p style=\"text-align: center;\"><img loading=\"lazy\" decoding=\"async\" class=\"alignnone size-medium wp-image-966\" src=\"http:\/\/www.arniches.com\/wp-content\/uploads\/2019\/10\/LA-CARA-DE-DIOS-03-300x219.jpg\" alt=\"\" width=\"300\" height=\"219\" srcset=\"http:\/\/www.arniches.com\/wp-content\/uploads\/2019\/10\/LA-CARA-DE-DIOS-03-300x219.jpg 300w, http:\/\/www.arniches.com\/wp-content\/uploads\/2019\/10\/LA-CARA-DE-DIOS-03-768x560.jpg 768w, http:\/\/www.arniches.com\/wp-content\/uploads\/2019\/10\/LA-CARA-DE-DIOS-03-1024x747.jpg 1024w\" sizes=\"auto, (max-width: 300px) 100vw, 300px\" \/><\/p>\n<p>Y aqu\u00ed la tenemos tal y como queda en el libro de Obras Completas de Carlos Arniches, por Mar\u00eda Victoria Sotomayor.<\/p>\n<p>En esta obra, <em>La cara de Dios<\/em>, Carlos hab\u00eda puesto mucho de s\u00ed mismo y as\u00ed lo hace constar en la dedicatoria a sus hijos: \u201cCuando pod\u00e1is leer esta obra humilde que os ofrezco, leedla con cari\u00f1o fraternal. Ella es tambi\u00e9n, como vosotros, un pedazo de mi alma\u201d. En los estudios sobre su obra se da como la m\u00e1s famosa de esta \u00e9poca la zarzuela <em>El santo de la Isidra<\/em>, pero sin embargo, en opini\u00f3n recogida por \u00e9l mismo en el telegrama Doc. N\u00ba 31, esta obra es su mayor \u00e9xito.<\/p>\n<p>&nbsp;<\/p>\n<p>El periodista Jos\u00e9 de Laserna (29) escribi\u00f3 en <em>El Imparcial<\/em>: \u201cLa obra, calificada por el autor como un \u201cdrama de costumbres populares\u201d, es, rigurosamente hablando, un melodrama con apuntes de sainete, de honda ra\u00edz human\u00edsima y popular, realista y sin extremismos.\u00a0 A la una y media de la madrugada llego a la redacci\u00f3n, y creo que todav\u00eda siguen saliendo al escenario del Parisch los autores y los int\u00e9rpretes de <em>La cara de Dios<\/em> entre atronadores aplausos y aclamaciones\u201d<\/p>\n<p>&nbsp;<\/p>\n<p>Es la primera obra en tres actos que escribe Carlos Arniches y, seg\u00fan Vicente Ramos (30), anuncia con aut\u00e9ntica solidez y lucimiento el genio teatral del gran alicantino, su dominio de la escena, su capacidad de \u201chacerse\u201d con el p\u00fablico, su profundo conocimiento de las reacciones humanas, su visi\u00f3n realista de la existencia, su amor por lo humilde y, en fin, el gran sentido moral que, en todo momento, presidir\u00e1 y sellar\u00e1 su fecunda y gloriosa producci\u00f3n.<\/p>\n<p>&nbsp;<\/p>\n<p>Estamos en 1899. Carlos Arniches comienza su producci\u00f3n en 1888. Han pasado 11 a\u00f1os. Este es el momento en el que se despega de sus contempor\u00e1neos. Mientras los dem\u00e1s siguen haciendo sainetes, \u00e9l da un giro a sus obras y las convierte en un melodrama. El clamoroso \u00e9xito de <em>La cara de Dios,<\/em> seg\u00fan Mar\u00eda Victoria Sotomayor, consagra definitivamente el valor dram\u00e1tico de lo sentimental y la capacidad de Arniches para conmover en una construcci\u00f3n s\u00f3lida y ajustada. Lo c\u00f3mico queda en un segundo t\u00e9rmino con la funci\u00f3n de compensar y equilibrar lo sentimental. (31)<\/p>\n<p>&nbsp;<\/p>\n<p>Rompe con el g\u00e9nero chico. Rompe con el v\u00ednculo que le un\u00eda con el teatro breve del XVI y XVII, esencialmente volcado en lo c\u00f3mico. Su evoluci\u00f3n le llevar\u00e1 m\u00e1s adelante, 17 a\u00f1os m\u00e1s tarde, al teatro de la tragedia grotesca, como <em>La se\u00f1orita de Trev\u00e9lez, <\/em>estrenada en 1916. A partir de esa fecha, se mostrar\u00e1 el gran Arniches, el autor dram\u00e1tico que implant\u00f3 tendencias que a\u00fan se contin\u00faan en el teatro.<\/p>\n<p>Despu\u00e9s de estas notas biogr\u00e1ficas de Carlos Arniches nos ocuparemos de las pr\u00f3ximas 22 obras que realiz\u00f3 en los pr\u00f3ximos 5 a\u00f1os.<\/p>\n<p>BIBLIOGRAFIA<\/p>\n<ul>\n<li>29- Laserna J. Art\u00edculo de cr\u00edtica de teatro. EL IMPARCIAL. 1899, 29 de Noviembre<\/li>\n<li>30- Ramos \u201cVida y Teatro de Carlos Arniches\u201d. Ediciones Alfaguara. Madrid 1.966. p 85<\/li>\n<li>31- R\u00edos Carratal\u00e1, Juan: \u201cEstudios sobre Carlos Arniches\u201d Ed. Juan Antonio R\u00edos Carratal\u00e1. \u201cTransformaciones y variantes en el melodrama arnichesco\u201d. Mar\u00eda Victoria Sotomayor S\u00e1ez.\u00a0 pp\u00a0 92-93.<\/li>\n<\/ul>\n<p>&nbsp;<\/p>\n","protected":false},"excerpt":{"rendered":"<p>\u00a0\u00a0\u00a0\u00a0\u00a0\u00a0\u00a0\u00a0\u00a0\u00a0 G\u00c9NOVA \u00a027. LA BODA. 1894\u00a0 Hab\u00edamos dejado a Carlos triunfando en los teatros de Madrid y a Pilar trabajando incesantemente en congresos, publicaciones y dando clases tanto en Madrid como en Granada. Ejerc\u00eda de profesora de maestras en lo que se llamaba la Escuela Normal, es decir, que segu\u00eda La Norma. Su situaci\u00f3n, con&#8230; <\/p>\n<div class=\"read-more navbutton\"><a href=\"http:\/\/www.arniches.com\/index.php\/2019\/10\/19\/la-boda-de-carlos-y-pilar-1894-calle-genova-27\/\">Leer m\u00e1s<i class=\"fa fa-angle-double-right\"><\/i><\/a><\/div>\n","protected":false},"author":1,"featured_media":0,"comment_status":"open","ping_status":"closed","sticky":false,"template":"","format":"standard","meta":{"footnotes":""},"categories":[81,4],"tags":[145,146],"class_list":["post-938","post","type-post","status-publish","format-standard","hentry","category-pilar-molto","category-vida","tag-genova-27","tag-madurez-de-carlos-arniches"],"_links":{"self":[{"href":"http:\/\/www.arniches.com\/index.php\/wp-json\/wp\/v2\/posts\/938","targetHints":{"allow":["GET"]}}],"collection":[{"href":"http:\/\/www.arniches.com\/index.php\/wp-json\/wp\/v2\/posts"}],"about":[{"href":"http:\/\/www.arniches.com\/index.php\/wp-json\/wp\/v2\/types\/post"}],"author":[{"embeddable":true,"href":"http:\/\/www.arniches.com\/index.php\/wp-json\/wp\/v2\/users\/1"}],"replies":[{"embeddable":true,"href":"http:\/\/www.arniches.com\/index.php\/wp-json\/wp\/v2\/comments?post=938"}],"version-history":[{"count":12,"href":"http:\/\/www.arniches.com\/index.php\/wp-json\/wp\/v2\/posts\/938\/revisions"}],"predecessor-version":[{"id":967,"href":"http:\/\/www.arniches.com\/index.php\/wp-json\/wp\/v2\/posts\/938\/revisions\/967"}],"wp:attachment":[{"href":"http:\/\/www.arniches.com\/index.php\/wp-json\/wp\/v2\/media?parent=938"}],"wp:term":[{"taxonomy":"category","embeddable":true,"href":"http:\/\/www.arniches.com\/index.php\/wp-json\/wp\/v2\/categories?post=938"},{"taxonomy":"post_tag","embeddable":true,"href":"http:\/\/www.arniches.com\/index.php\/wp-json\/wp\/v2\/tags?post=938"}],"curies":[{"name":"wp","href":"https:\/\/api.w.org\/{rel}","templated":true}]}}